{"id":1253348,"date":"2023-05-04T21:07:48","date_gmt":"2023-05-05T02:07:48","guid":{"rendered":"https:\/\/www.acapulcopress.com\/?p=1253348"},"modified":"2023-05-04T21:07:48","modified_gmt":"2023-05-05T02:07:48","slug":"transformacion-educativa-avanza-firme-en-todas-las-regiones-de-guerrero-evelyn-salgado","status":"publish","type":"post","link":"https:\/\/www.acapulcopress.com\/index.php\/2023\/05\/04\/transformacion-educativa-avanza-firme-en-todas-las-regiones-de-guerrero-evelyn-salgado\/","title":{"rendered":"Transformaci\u00f3n educativa avanza firme en todas las regiones de Guerrero | Evelyn Salgado"},"content":{"rendered":"<p style=\"text-align: justify;\">CHILPANCINGO * 4 de mayo de 2023.<br \/>\n<em>) Gobierno de Guerrero<\/em><br \/>\nLa gobernadora <a href=\"https:\/\/www.facebook.com\/EvelynSalgadoP\" target=\"_blank\" rel=\"noopener\">Evelyn Salgado Pineda<\/a> recibi\u00f3 en su despacho al director del <a href=\"https:\/\/www.facebook.com\/IGIFEoficial\" target=\"_blank\" rel=\"noopener\">Instituto Guerrerense de la Infraestructura F\u00edsica Educativa<\/a>, Benjam\u00edn Guinto Naval, para revisar los avances de las obras que se est\u00e1n realizando este a\u00f1o en la entidad, adem\u00e1s de evaluar los proyectos a ejecutar durante los pr\u00f3ximos meses, principalmente en la regi\u00f3n Monta\u00f1a.<\/p>\n<p style=\"text-align: justify;\">La mandataria estatal puntualiz\u00f3 que el objetivo es que las y los estudiantes guerrerenses cuenten con escuelas dignas y de calidad, cumpliendo con el compromiso de brindar condiciones \u00f3ptimas para un mejor aprovechamiento acad\u00e9mico de la ni\u00f1ez\u00a0y\u00a0juventud.<\/p>\n<p style=\"text-align: justify;\"><em>) S\u00edguenos en nuestra p\u00e1gina Facebook.com\/<a href=\"https:\/\/www.facebook.com\/acapulcopress.news\/\" target=\"_blank\" rel=\"noopener\">acapulcopress.news<\/a><\/em><\/p>\n","protected":false},"excerpt":{"rendered":"<p>CHILPANCINGO * 4 de mayo de 2023. ) Gobierno de Guerrero La gobernadora Evelyn Salgado Pineda recibi\u00f3 en su despacho al director del Instituto Guerrerense de la Infraestructura F\u00edsica Educativa, Benjam\u00edn Guinto Naval, para revisar los avances de las obras que se est\u00e1n realizando este a\u00f1o en la entidad, adem\u00e1s de evaluar los proyectos a&#8230;<\/p>\n","protected":false},"author":2,"featured_media":1253350,"comment_status":"closed","ping_status":"closed","sticky":false,"template":"","format":"standard","meta":{"footnotes":""},"categories":[1972,1983,18561],"tags":[],"class_list":["post-1253348","post","type-post","status-publish","format-standard","has-post-thumbnail","hentry","category-special","category-guerrerogob","category-society-politics"],"_links":{"self":[{"href":"https:\/\/www.acapulcopress.com\/index.php\/wp-json\/wp\/v2\/posts\/1253348","targetHints":{"allow":["GET"]}}],"collection":[{"href":"https:\/\/www.acapulcopress.com\/index.php\/wp-json\/wp\/v2\/posts"}],"about":[{"href":"https:\/\/www.acapulcopress.com\/index.php\/wp-json\/wp\/v2\/types\/post"}],"author":[{"embeddable":true,"href":"https:\/\/www.acapulcopress.com\/index.php\/wp-json\/wp\/v2\/users\/2"}],"replies":[{"embeddable":true,"href":"https:\/\/www.acapulcopress.com\/index.php\/wp-json\/wp\/v2\/comments?post=1253348"}],"version-history":[{"count":0,"href":"https:\/\/www.acapulcopress.com\/index.php\/wp-json\/wp\/v2\/posts\/1253348\/revisions"}],"wp:featuredmedia":[{"embeddable":true,"href":"https:\/\/www.acapulcopress.com\/index.php\/wp-json\/"}],"wp:attachment":[{"href":"https:\/\/www.acapulcopress.com\/index.php\/wp-json\/wp\/v2\/media?parent=1253348"}],"wp:term":[{"taxonomy":"category","embeddable":true,"href":"https:\/\/www.acapulcopress.com\/index.php\/wp-json\/wp\/v2\/categories?post=1253348"},{"taxonomy":"post_tag","embeddable":true,"href":"https:\/\/www.acapulcopress.com\/index.php\/wp-json\/wp\/v2\/tags?post=1253348"}],"curies":[{"name":"wp","href":"https:\/\/api.w.org\/{rel}","templated":true}]}}