{"id":1253430,"date":"2023-05-08T20:09:26","date_gmt":"2023-05-09T01:09:26","guid":{"rendered":"https:\/\/www.acapulcopress.com\/?p=1253430"},"modified":"2023-05-08T20:09:26","modified_gmt":"2023-05-09T01:09:26","slug":"convoca-gobernadora-a-la-unidad-y-trabajo-en-equipo-para-transformar-guerrero","status":"publish","type":"post","link":"https:\/\/www.acapulcopress.com\/index.php\/2023\/05\/08\/convoca-gobernadora-a-la-unidad-y-trabajo-en-equipo-para-transformar-guerrero\/","title":{"rendered":"Convoca Gobernadora a la unidad y trabajo en equipo para transformar Guerrero"},"content":{"rendered":"<p style=\"text-align: justify;\"><img loading=\"lazy\" decoding=\"async\" class=\"alignnone wp-image-1253441 size-large\" src=\"https:\/\/www.acapulcopress.com\/wp-content\/uploads\/2023\/05\/esp.bandera10-840x560.jpg\" alt=\"\" width=\"696\" height=\"464\" \/><\/p>\n<p style=\"text-align: justify;\">CHILPANCINGO * 8 de mayo de 2023.<br \/>\n<em>) Gobierno de Guerrero<br \/>\n<\/em><img loading=\"lazy\" decoding=\"async\" class=\"alignleft size-medium wp-image-1253444\" src=\"https:\/\/www.acapulcopress.com\/wp-content\/uploads\/2023\/05\/esp.bandera13-375x562.jpg\" alt=\"\" width=\"375\" height=\"562\" \/>La gobernadora <a href=\"https:\/\/www.facebook.com\/EvelynSalgadoP\" target=\"_blank\" rel=\"noopener\">Evelyn Salgado Pineda<\/a> presidi\u00f3 la ceremonia de izamiento de Bandera correspondiente al mes mayo desde el Recinto Oficial del Poder Ejecutivo \u00abCasa del Pueblo\u00bb, donde convoc\u00f3 a seguir trabajando en equipo para seguir consolidando la transformaci\u00f3n por el bienestar de Guerrero.<\/p>\n<p style=\"text-align: justify;\">En su mensaje la mandataria estatal destac\u00f3 las fechas que se conmemoran este mes como el D\u00eda del Trabajo, una fecha que recuerda el valor de todas y todos los trabajadores de los distintos sectores, as\u00ed como las luchas que han permitido conquistar sus derechos que son sagrados y que este gobierno les reconoce y que sigue promoviendo.<\/p>\n<p style=\"text-align: justify;\">\u00abNo quiero dejar pasar esta oportunidad para reconocer a todas y todos ustedes que trabajando todos los d\u00edas desde sus diferentes trincheras por la transformaci\u00f3n de Guerrero, gracias por ser parte de esta gran transformaci\u00f3n de nuestro estado\u00bb, expres\u00f3 Evelyn Salgado a las y los servidores p\u00fablicos del gobierno estatal.<\/p>\n<p style=\"text-align: justify;\">Tambi\u00e9n destac\u00f3 que este mes se conmemora la Batalla de Puebla, uno de los episodios m\u00e1s valiosos de la historia Nacional, as\u00ed como el d\u00eda de las maestras y maestros, una de las <img loading=\"lazy\" decoding=\"async\" class=\"alignleft size-medium wp-image-1253433\" src=\"https:\/\/www.acapulcopress.com\/wp-content\/uploads\/2023\/05\/esp.bandera2-375x250.jpg\" alt=\"\" width=\"375\" height=\"250\" \/>profesiones m\u00e1s dignas e importante para el pa\u00eds, la docencia y la ense\u00f1anza, reconociendo el trabajo del magisterio guerrerense que siempre est\u00e1 luchando del lado de la transformaci\u00f3n y de la revoluci\u00f3n educativa desde las aulas.<\/p>\n<p style=\"text-align: justify;\">El acto c\u00edvico se torn\u00f3 emotivo al recordar que en mayo se celebra a las madres y el d\u00eda de la familia, s\u00edmbolos importantes del origen de la vida y promotoras de los valores y principios como son la solidaridad, el respeto y la empat\u00eda que motivan la transformaci\u00f3n de Guerrero.<\/p>\n<p style=\"text-align: justify;\">Acompa\u00f1ada de su madre la se\u00f1ora Mar\u00eda de Jes\u00fas Pineda, la gobernadora Evelyn Salgado felicit\u00f3 a todas las mam\u00e1s de la administraci\u00f3n estatal y de Guerrero, con el deseo de que este mes significativo se convierta en una oportunidad para seguir trabajando y seguir <img loading=\"lazy\" decoding=\"async\" class=\"alignleft size-medium wp-image-1253437\" src=\"https:\/\/www.acapulcopress.com\/wp-content\/uploads\/2023\/05\/esp.bandera6-375x250.jpg\" alt=\"\" width=\"375\" height=\"250\" \/>consolidando la transformaci\u00f3n desde sus trincheras y en equipo.<\/p>\n<p style=\"text-align: justify;\">Durante esta ceremonia c\u00edvica un grupo musical deleit\u00f3 a las madres trabajadoras con las melod\u00edas \u00abAmor Eterno\u00bb y \u00abSe\u00f1ora, se\u00f1ora\u00bb de la int\u00e9rprete Denisse Kalafe, donde tambi\u00e9n estuvieron presentes la presidenta de la Mesa Directiva del Congreso del Estado, Yanelly Hern\u00e1ndez Mart\u00ednez; la presidenta de la Junta de Coordinaci\u00f3n Pol\u00edtica, Yoloczin Dom\u00ednguez Serna; el presidente del Tribunal Superior de Justicia, Raymundo Casarrubias V\u00e1zquez.<\/p>\n<p style=\"text-align: justify;\">As\u00ed como el Comandante de la D\u00e9cima Segunda Regi\u00f3n Naval, Julio C\u00e9sar Pescina \u00c1vila; el Comandante de la 35 Zona Militar, Enrique Mart\u00ednez L\u00f3pez, as\u00ed como representantes de la Guardia Nacional\u00a0en\u00a0Guerrero.<\/p>\n<p style=\"text-align: justify;\"><img loading=\"lazy\" decoding=\"async\" class=\"alignnone wp-image-1253436 size-large\" src=\"https:\/\/www.acapulcopress.com\/wp-content\/uploads\/2023\/05\/esp.bandera5-840x472.jpg\" alt=\"\" width=\"696\" height=\"391\" \/><\/p>\n<p style=\"text-align: justify;\"><em>) S\u00edguenos en nuestra p\u00e1gina Facebook.com\/<a href=\"https:\/\/www.facebook.com\/acapulcopress.news\/\" target=\"_blank\" rel=\"noopener\">acapulcopress.news<\/a><\/em><\/p>\n","protected":false},"excerpt":{"rendered":"<p>CHILPANCINGO * 8 de mayo de 2023. ) Gobierno de Guerrero La gobernadora Evelyn Salgado Pineda presidi\u00f3 la ceremonia de izamiento de Bandera correspondiente al mes mayo desde el Recinto Oficial del Poder Ejecutivo \u00abCasa del Pueblo\u00bb, donde convoc\u00f3 a seguir trabajando en equipo para seguir consolidando la transformaci\u00f3n por el bienestar de Guerrero. En&#8230;<\/p>\n","protected":false},"author":2,"featured_media":1253423,"comment_status":"closed","ping_status":"closed","sticky":false,"template":"","format":"standard","meta":{"footnotes":""},"categories":[1972,1983,18561],"tags":[2163,2297,7073,8251],"class_list":["post-1253430","post","type-post","status-publish","format-standard","has-post-thumbnail","hentry","category-special","category-guerrerogob","category-society-politics","tag-amor-eterno","tag-senora","tag-denisse-kalafe","tag-evelyn-salgado-pineda"],"_links":{"self":[{"href":"https:\/\/www.acapulcopress.com\/index.php\/wp-json\/wp\/v2\/posts\/1253430","targetHints":{"allow":["GET"]}}],"collection":[{"href":"https:\/\/www.acapulcopress.com\/index.php\/wp-json\/wp\/v2\/posts"}],"about":[{"href":"https:\/\/www.acapulcopress.com\/index.php\/wp-json\/wp\/v2\/types\/post"}],"author":[{"embeddable":true,"href":"https:\/\/www.acapulcopress.com\/index.php\/wp-json\/wp\/v2\/users\/2"}],"replies":[{"embeddable":true,"href":"https:\/\/www.acapulcopress.com\/index.php\/wp-json\/wp\/v2\/comments?post=1253430"}],"version-history":[{"count":0,"href":"https:\/\/www.acapulcopress.com\/index.php\/wp-json\/wp\/v2\/posts\/1253430\/revisions"}],"wp:featuredmedia":[{"embeddable":true,"href":"https:\/\/www.acapulcopress.com\/index.php\/wp-json\/"}],"wp:attachment":[{"href":"https:\/\/www.acapulcopress.com\/index.php\/wp-json\/wp\/v2\/media?parent=1253430"}],"wp:term":[{"taxonomy":"category","embeddable":true,"href":"https:\/\/www.acapulcopress.com\/index.php\/wp-json\/wp\/v2\/categories?post=1253430"},{"taxonomy":"post_tag","embeddable":true,"href":"https:\/\/www.acapulcopress.com\/index.php\/wp-json\/wp\/v2\/tags?post=1253430"}],"curies":[{"name":"wp","href":"https:\/\/api.w.org\/{rel}","templated":true}]}}