{"id":1253448,"date":"2023-05-08T20:49:39","date_gmt":"2023-05-09T01:49:39","guid":{"rendered":"https:\/\/www.acapulcopress.com\/?p=1253448"},"modified":"2023-05-08T20:49:39","modified_gmt":"2023-05-09T01:49:39","slug":"scjn-invalida-primera-parte-del-plan-b-de-amlo","status":"publish","type":"post","link":"https:\/\/www.acapulcopress.com\/index.php\/2023\/05\/08\/scjn-invalida-primera-parte-del-plan-b-de-amlo\/","title":{"rendered":"SCJN invalida primera parte del \u2018Plan B\u2019 de AMLO"},"content":{"rendered":"<p style=\"text-align: justify;\">CIUDAD DE M\u00c9XICO * 8 de mayo de 2023.<br \/>\n<em>) <a href=\"https:\/\/www.forbes.com.mx\/scjn-invalida-primera-parte-del-plan-b-de-reforma-electoral\/\" target=\"_blank\" rel=\"noopener\">Forbes M\u00e9xico<\/a><\/em><\/p>\n<p style=\"text-align: justify;\">La <a href=\"https:\/\/www.facebook.com\/SCJNMexico\" target=\"_blank\" rel=\"noopener\">Suprema Corte de Justicia de la Naci\u00f3n<\/a> (SCJN) invalid\u00f3 este lunes la primera parte del llamado \u201cplan B\u201d de reforma electoral, el cual fue impulsado por el presidente <a href=\"https:\/\/www.facebook.com\/lopezobrador.org.mx\" target=\"_blank\" rel=\"noopener\">Andr\u00e9s Manuel L\u00f3pez Obrador<\/a>.<\/p>\n<p style=\"text-align: justify;\">La Corte consider\u00f3 que hubo violaciones graves al procedimiento legislativo con el cual fue aprobado en el Congreso de la Uni\u00f3n el primer decreto de la reciente reforma electoral.<\/p>\n<p style=\"text-align: justify;\">Nueve ministros se pronunciaron a favor del proyecto de Alberto P\u00e9rez Day\u00e1n, el cual invalid\u00f3 las reformas a las leyes generales de Comunicaci\u00f3n Social y de Responsabilidades Administrativas. Las \u00fanicas dos ministras que votaron en contra del proyecto fueron Yasm\u00edn Esquivel y Loretta Ortiz.<\/p>\n<p><code><iframe loading=\"lazy\" style=\"border: none; overflow: hidden;\" src=\"https:\/\/www.facebook.com\/plugins\/video.php?height=314&amp;href=https%3A%2F%2Fwww.facebook.com%2Fangel.steparious%2Fvideos%2F726287819245667%2F&amp;show_text=true&amp;width=560&amp;t=0\" width=\"560\" height=\"429\" frameborder=\"0\" scrolling=\"no\" allowfullscreen=\"allowfullscreen\"><\/iframe><\/code><\/p>\n<p style=\"text-align: justify;\"><em>) S\u00edguenos en nuestra p\u00e1gina Facebook.com\/<a href=\"https:\/\/www.facebook.com\/acapulcopress.news\/\" target=\"_blank\" rel=\"noopener\">acapulcopress.news<\/a><\/em><\/p>\n","protected":false},"excerpt":{"rendered":"<p>CIUDAD DE M\u00c9XICO * 8 de mayo de 2023. ) Forbes M\u00e9xico La Suprema Corte de Justicia de la Naci\u00f3n (SCJN) invalid\u00f3 este lunes la primera parte del llamado \u201cplan B\u201d de reforma electoral, el cual fue impulsado por el presidente Andr\u00e9s Manuel L\u00f3pez Obrador. La Corte consider\u00f3 que hubo violaciones graves al procedimiento legislativo&#8230;<\/p>\n","protected":false},"author":2,"featured_media":1253449,"comment_status":"closed","ping_status":"closed","sticky":false,"template":"","format":"standard","meta":{"footnotes":""},"categories":[1997],"tags":[3896,16935],"class_list":["post-1253448","post","type-post","status-publish","format-standard","has-post-thumbnail","hentry","category-noticias-destacadas","tag-andres-manuel-lopez-obrador","tag-suprema-corte-de-justicia-de-la-nacion-scjn"],"_links":{"self":[{"href":"https:\/\/www.acapulcopress.com\/index.php\/wp-json\/wp\/v2\/posts\/1253448","targetHints":{"allow":["GET"]}}],"collection":[{"href":"https:\/\/www.acapulcopress.com\/index.php\/wp-json\/wp\/v2\/posts"}],"about":[{"href":"https:\/\/www.acapulcopress.com\/index.php\/wp-json\/wp\/v2\/types\/post"}],"author":[{"embeddable":true,"href":"https:\/\/www.acapulcopress.com\/index.php\/wp-json\/wp\/v2\/users\/2"}],"replies":[{"embeddable":true,"href":"https:\/\/www.acapulcopress.com\/index.php\/wp-json\/wp\/v2\/comments?post=1253448"}],"version-history":[{"count":0,"href":"https:\/\/www.acapulcopress.com\/index.php\/wp-json\/wp\/v2\/posts\/1253448\/revisions"}],"wp:featuredmedia":[{"embeddable":true,"href":"https:\/\/www.acapulcopress.com\/index.php\/wp-json\/"}],"wp:attachment":[{"href":"https:\/\/www.acapulcopress.com\/index.php\/wp-json\/wp\/v2\/media?parent=1253448"}],"wp:term":[{"taxonomy":"category","embeddable":true,"href":"https:\/\/www.acapulcopress.com\/index.php\/wp-json\/wp\/v2\/categories?post=1253448"},{"taxonomy":"post_tag","embeddable":true,"href":"https:\/\/www.acapulcopress.com\/index.php\/wp-json\/wp\/v2\/tags?post=1253448"}],"curies":[{"name":"wp","href":"https:\/\/api.w.org\/{rel}","templated":true}]}}