{"id":1253458,"date":"2023-05-08T22:18:18","date_gmt":"2023-05-09T03:18:18","guid":{"rendered":"https:\/\/www.acapulcopress.com\/?p=1253458"},"modified":"2023-05-08T22:18:18","modified_gmt":"2023-05-09T03:18:18","slug":"gobernadora-y-autoridades-federales-se-reunieron-con-afectados-de-pedregal-de-cantaluna","status":"publish","type":"post","link":"https:\/\/www.acapulcopress.com\/index.php\/2023\/05\/08\/gobernadora-y-autoridades-federales-se-reunieron-con-afectados-de-pedregal-de-cantaluna\/","title":{"rendered":"Gobernadora y autoridades federales se reunieron con afectados de Pedregal de Cantaluna"},"content":{"rendered":"<p style=\"text-align: justify;\">ACAPULCO * 8 de mayo de 2023.<br \/>\n<em>) Gobierno de Guerrero<\/em><br \/>\n\u201cReconstruir una vivienda tal vez es un poco de trabajo, pero reconstruir la esperanza, <img loading=\"lazy\" decoding=\"async\" class=\"alignleft size-medium wp-image-1253473\" src=\"https:\/\/www.acapulcopress.com\/wp-content\/uploads\/2023\/05\/Pedregal-de-Cantaluna15-375x250.jpg\" alt=\"\" width=\"375\" height=\"250\" \/>reconstruir la confianza, eso es lo m\u00e1s complicado y eso es lo que se trata de hacer con todas y con todos ustedes, que recobren esa esperanza, que recobren esa sonrisa\u201d, expres\u00f3 la gobernadora Evelyn Salgado durante su participaci\u00f3n en la asamblea que sostuvieron representantes de los tres niveles de gobierno, con los colonos de la Unidad Habitacional Pedregal de Cantaluna que resultaron afectados por el sismo de septiembre de 2021.<\/p>\n<p style=\"text-align: justify;\">En este encuentro se dio a conocer que por parte del Instituto del Fondo Nacional de la Vivienda para los Trabajadores (Infonavit) y el Fondo de Vivienda del Instituto de Seguridad y Servicios Sociales de los Trabajadores del Estado (Fovissste), se realizar\u00e1 la cancelaci\u00f3n total de la deuda crediticia, adem\u00e1s de que los afectados podr\u00e1n iniciar con el <img loading=\"lazy\" decoding=\"async\" class=\"alignleft size-medium wp-image-1253471\" src=\"https:\/\/www.acapulcopress.com\/wp-content\/uploads\/2023\/05\/Pedregal-de-Cantaluna13-375x276.jpg\" alt=\"\" width=\"375\" height=\"276\" \/>tr\u00e1mite de recuperaci\u00f3n de los pagos efectuados y ser\u00e1n acreedores a un nuevo financiamiento para adquirir su hogar donde deseen.<\/p>\n<p style=\"text-align: justify;\">Al respecto la gobernadora destac\u00f3 que se trata de un acto de justicia social, que no hubiera sido posible sin el apoyo solidario del presidente Andr\u00e9s Manuel L\u00f3pez Obrador, quien en todo momento se ha mantenido atento para poder dar una soluci\u00f3n a este tema tan delicado.<\/p>\n<p style=\"text-align: justify;\">\u201cSi hoy estamos aqu\u00ed, si todo esto tuvo soluci\u00f3n, fue gracias a un gran hombre, a un hombre que pone al humanismo como centro absolutamente de todo, de toda acci\u00f3n, de toda estrategia, de todo lo que realiza. Un hombre que quiere mucho a Guerrero, un hombre que quiere mucho a Acapulco\u201d, se\u00f1al\u00f3.<\/p>\n<p style=\"text-align: justify;\"><img loading=\"lazy\" decoding=\"async\" class=\"alignleft size-medium wp-image-1253461\" src=\"https:\/\/www.acapulcopress.com\/wp-content\/uploads\/2023\/05\/Pedregal-de-Cantaluna3-375x250.jpg\" alt=\"\" width=\"375\" height=\"250\" \/>Salgado Pineda expres\u00f3 su reconocimiento a todos los funcionarios federales, estatales y municipales, quienes unieron esfuerzos en esta causa conjunta, que permitir\u00e1 que las familias puedan tener un lugar seguro para habitar, sin riesgos y garantizando su derecho a contar con una vivienda digna.<\/p>\n<p style=\"text-align: justify;\">\u201cEs tambi\u00e9n nuestra tarea de los tres niveles de gobierno garantizar a las familias de Guerrero su integridad y su patrimonio. Por eso me da mucho gusto que hoy tengamos este acercamiento con el que se va a cerrar este ciclo de un proceso, que si bien es cierto, largo, pero un proceso que no pod\u00eda darse de la noche a la ma\u00f1ana, pero tambi\u00e9n era un proceso que yo sab\u00eda no pod\u00eda quedar en el olvido por el gran compromiso de nuestro presidente y de todos los que estamos hoy aqu\u00ed\u201d, <img loading=\"lazy\" decoding=\"async\" class=\"alignleft size-medium wp-image-1253462\" src=\"https:\/\/www.acapulcopress.com\/wp-content\/uploads\/2023\/05\/Pedregal-de-Cantaluna4-375x250.jpg\" alt=\"\" width=\"375\" height=\"250\" \/>dijo.<\/p>\n<p style=\"text-align: justify;\">Durante su participaci\u00f3n, la subsecretaria de la Secretar\u00eda de Desarrollo Agrario, Territorial y Urbano (Sedatu), Edna Elena Vega Rangel se refiri\u00f3 al trabajo coordinado que se emprendi\u00f3 para lograr consolidar este apoyo, el cual es de gran importancia para las cientos de familias afectadas, ofreci\u00e9ndoles una soluci\u00f3n para que logren restablecer la calidad de vida que se merecen. Detall\u00f3 que el gobierno que encabeza Evelyn Salgado coadyuvar\u00e1 en tareas de vigilancia, para evitar que los inmuebles desalojados vuelvan a ser habitados.<\/p>\n<p style=\"text-align: justify;\">\u201cHay departamentos que est\u00e1n muy da\u00f1ados y en cualquier momento pueden colapsar; la idea es empezar con las familias que ah\u00ed habitan para que tengan la garant\u00eda, pero ning\u00fan <img loading=\"lazy\" decoding=\"async\" class=\"alignleft size-medium wp-image-1253465\" src=\"https:\/\/www.acapulcopress.com\/wp-content\/uploads\/2023\/05\/Pedregal-de-Cantaluna7-375x250.jpg\" alt=\"\" width=\"375\" height=\"250\" \/>edificio de la unidad est\u00e1 con la seguridad absoluta. Es importante que todas las familias, conforme vayamos atendiendo, puedan ir saliendo para que est\u00e9n seguras\u201d, explic\u00f3.<\/p>\n<p style=\"text-align: justify;\">En tanto que el titular del Infonavit, Carlos Mart\u00ednez Vel\u00e1zquez y C\u00e9sar Buenrostro Moreno, vocal ejecutivo del Fovissste, detallaron el esquema a aplicar, en el que, a trav\u00e9s de la instalaci\u00f3n de mesas de atenci\u00f3n, se dar\u00e1 seguimiento puntual a todos y cada uno de los casos. De igual manera se dio a conocer que aquellas personas que tienen alg\u00fan cr\u00e9dito bancario o de otra instituci\u00f3n, as\u00ed como aquellos que pagaron de contado sus casas habitaci\u00f3n, tambi\u00e9n ser\u00e1n atendidos.<\/p>\n<p style=\"text-align: justify;\">Asistieron a esta reuni\u00f3n la presidenta municipal Abelina L\u00f3pez Rodr\u00edguez; el delegado federal de los Programas para el Desarrollo en el estado, Iv\u00e1n Hern\u00e1ndez D\u00edaz; el secretario general de Gobierno, Ludwig Marcial Reynoso N\u00fa\u00f1ez; el director general de Protecci\u00f3n Civil, \u00d3scar Zepeda Ramos; as\u00ed como el director general de Operaci\u00f3n y Seguimiento de la Comisi\u00f3n Nacional de Vivienda (Conavi), Ra\u00fal Herrera\u00a0Herrera.<\/p>\n<p style=\"text-align: justify;\"><em>) S\u00edguenos en nuestra p\u00e1gina Facebook.com\/<a href=\"https:\/\/www.facebook.com\/acapulcopress.news\/\" target=\"_blank\" rel=\"noopener\">acapulcopress.news<\/a><\/em><\/p>\n","protected":false},"excerpt":{"rendered":"<p>ACAPULCO * 8 de mayo de 2023. ) Gobierno de Guerrero \u201cReconstruir una vivienda tal vez es un poco de trabajo, pero reconstruir la esperanza, reconstruir la confianza, eso es lo m\u00e1s complicado y eso es lo que se trata de hacer con todas y con todos ustedes, que recobren esa esperanza, que recobren esa&#8230;<\/p>\n","protected":false},"author":2,"featured_media":1253464,"comment_status":"closed","ping_status":"closed","sticky":false,"template":"","format":"standard","meta":{"footnotes":""},"categories":[1983,18561],"tags":[8251,9302,14407],"class_list":["post-1253458","post","type-post","status-publish","format-standard","has-post-thumbnail","hentry","category-guerrerogob","category-society-politics","tag-evelyn-salgado-pineda","tag-gobierno-de-guerrero","tag-pedregal-de-cantaluna"],"_links":{"self":[{"href":"https:\/\/www.acapulcopress.com\/index.php\/wp-json\/wp\/v2\/posts\/1253458","targetHints":{"allow":["GET"]}}],"collection":[{"href":"https:\/\/www.acapulcopress.com\/index.php\/wp-json\/wp\/v2\/posts"}],"about":[{"href":"https:\/\/www.acapulcopress.com\/index.php\/wp-json\/wp\/v2\/types\/post"}],"author":[{"embeddable":true,"href":"https:\/\/www.acapulcopress.com\/index.php\/wp-json\/wp\/v2\/users\/2"}],"replies":[{"embeddable":true,"href":"https:\/\/www.acapulcopress.com\/index.php\/wp-json\/wp\/v2\/comments?post=1253458"}],"version-history":[{"count":0,"href":"https:\/\/www.acapulcopress.com\/index.php\/wp-json\/wp\/v2\/posts\/1253458\/revisions"}],"wp:featuredmedia":[{"embeddable":true,"href":"https:\/\/www.acapulcopress.com\/index.php\/wp-json\/"}],"wp:attachment":[{"href":"https:\/\/www.acapulcopress.com\/index.php\/wp-json\/wp\/v2\/media?parent=1253458"}],"wp:term":[{"taxonomy":"category","embeddable":true,"href":"https:\/\/www.acapulcopress.com\/index.php\/wp-json\/wp\/v2\/categories?post=1253458"},{"taxonomy":"post_tag","embeddable":true,"href":"https:\/\/www.acapulcopress.com\/index.php\/wp-json\/wp\/v2\/tags?post=1253458"}],"curies":[{"name":"wp","href":"https:\/\/api.w.org\/{rel}","templated":true}]}}