{"id":1253482,"date":"2023-05-08T22:55:52","date_gmt":"2023-05-09T03:55:52","guid":{"rendered":"https:\/\/www.acapulcopress.com\/?p=1253482"},"modified":"2023-05-08T22:55:52","modified_gmt":"2023-05-09T03:55:52","slug":"gobernadora-encabezo-sesion-ordinaria-del-consejo-estatal-de-seguridad-publica","status":"publish","type":"post","link":"https:\/\/www.acapulcopress.com\/index.php\/2023\/05\/08\/gobernadora-encabezo-sesion-ordinaria-del-consejo-estatal-de-seguridad-publica\/","title":{"rendered":"Gobernadora encabez\u00f3 sesi\u00f3n ordinaria del Consejo Estatal de Seguridad P\u00fablica"},"content":{"rendered":"<p style=\"text-align: justify;\">CHILPANCINGO * 8 de mayo de 2023.<br \/>\n<em>) Gobierno de Guerrero<\/em><br \/>\n\u201cLa construcci\u00f3n de la paz es tarea de todas y todos, de los tres niveles de gobierno, de coordinaci\u00f3n y de unidad\u201d, afirm\u00f3 la gobernadora <a href=\"https:\/\/www.facebook.com\/EvelynSalgadoP\" target=\"_blank\" rel=\"noopener\">Evelyn Salgado Pineda<\/a> al encabezar la <img loading=\"lazy\" decoding=\"async\" class=\"alignleft size-medium wp-image-1253490\" src=\"https:\/\/www.acapulcopress.com\/wp-content\/uploads\/2023\/05\/evelyn.seguridad8-375x235.jpg\" alt=\"\" width=\"375\" height=\"235\" \/>segunda sesi\u00f3n del Consejo Estatal de Seguridad P\u00fablica, donde se proyect\u00f3 el ejercicio del gasto del Fondo de Aportaciones para la Seguridad P\u00fablica (FASP),para el Ejercicio Fiscal 2023, con un monto estado &#8211; federaci\u00f3n de 314 millones de pesos, que constituye la plataforma financiera para los programas y acciones enmarcadas en la pol\u00edtica de seguridad nacional y estatal.<\/p>\n<p style=\"text-align: justify;\">\u201cLa paz se construye como todo lo bueno, y ese es el objetivo que nos planteamos para el desarrollo y bienestar de Guerrero. Quienes hoy tenemos el alto honor de dirigir los destinos de Guerrero asumimos la tarea y el compromiso de construir las acciones y estrategias que habr\u00e1n de pacificar a Guerrero que no es una tarea f\u00e1cil\u201d, puntualiz\u00f3 la <img loading=\"lazy\" decoding=\"async\" class=\"alignleft size-medium wp-image-1253488\" src=\"https:\/\/www.acapulcopress.com\/wp-content\/uploads\/2023\/05\/evelyn.seguridad6-375x208.jpg\" alt=\"\" width=\"375\" height=\"208\" \/>gobernadora.<\/p>\n<p style=\"text-align: justify;\">En su mensaje, la mandataria estatal, reiter\u00f3 que Guerrero sigue la estrategia del presidente Andr\u00e9s Manuel L\u00f3pez Obrador de atacar las causas que han generado la violencia, misma que consider\u00f3 que s\u00ed est\u00e1 funcionando y dando resultados, sin combatir el fuego con el fuego, para avanzar a una paz duradera.<\/p>\n<p style=\"text-align: justify;\">\u201cNo vamos a combatir el fuego con m\u00e1s fuego, esa nunca ha sido la estrategia que va a funcionar, porque si no atendemos las causas que han originado toda esta violencia, el rezago, la desigualdad y la pobreza no vamos avanzar a una paz duradera. No daremos jam\u00e1s cifras maquilladas que no vayan acorde a lo que se est\u00e1 haciendo en el estado, <img loading=\"lazy\" decoding=\"async\" class=\"alignleft size-medium wp-image-1253483\" src=\"https:\/\/www.acapulcopress.com\/wp-content\/uploads\/2023\/05\/evelyn.seguridad-375x233.jpg\" alt=\"\" width=\"375\" height=\"233\" \/>actuando con la verdad y con transparencia\u201d, enfatiz\u00f3 Evelyn Salgado.<\/p>\n<p style=\"text-align: justify;\">La mandataria dijo que es aliada de los municipios en las tareas de seguridad para fortalecer y profesionalizar a las polic\u00edas, por lo que urgi\u00f3 a trabajar coordinados en unidad bajo una misma l\u00ednea de acci\u00f3n en absoluta rectitud para generar las condiciones de bienestar en sus municipios.<\/p>\n<p style=\"text-align: justify;\">\u00abEl \u00fanico pacto es con el pueblo de Guerrero, el \u00fanico esfuerzo es con transparencia, con honestidad, sin corrupci\u00f3n, que hay que erradicar de ra\u00edz, avanzando sin acuerdos en lo oscuro, trabajando de la mano de las diversas instituciones y fuerzas armadas, tomando las decisiones y estrategias trabajando juntas y juntos\u00bb, afirm\u00f3 Evelyn Salgado.<\/p>\n<p style=\"text-align: justify;\"><img loading=\"lazy\" decoding=\"async\" class=\"alignleft size-medium wp-image-1253489\" src=\"https:\/\/www.acapulcopress.com\/wp-content\/uploads\/2023\/05\/evelyn.seguridad7-375x248.jpg\" alt=\"\" width=\"375\" height=\"248\" \/>En la sesi\u00f3n ordinaria el titular del Secretariado Ejecutivo del Sistema Estatal de Seguridad P\u00fablica, V\u00edctor Francisco Olivares Guzm\u00e1n, detall\u00f3 los programas de prioridad nacional en los municipios de Guerrero del ejercicio 2022, as\u00ed como la distribuci\u00f3n del financiamiento conjunto del Fondo de Aportaciones de la Seguridad P\u00fablica, con la aportaci\u00f3n del gobierno del estado para el ejercicio fiscal 2023 por un monto superior del orden de 314 millones de pesos.<\/p>\n<p style=\"text-align: justify;\">Se expuso que el ejercicio fiscal 2023 el FASP asciende a 314 millones de pesos, sumando la aportaci\u00f3n del Fondo de Aportaciones de la Seguridad P\u00fablica Federal por un monto de 250 millones de pesos, teniendo un incremento del 10 por ciento respecto al a\u00f1o anterior por el orden de 22 millones de pesos y la contribuci\u00f3n del gobierno del estado por el orden de 64 millones de pesos que es m\u00e1s del 25 por ciento que se estipula en los instrumentos de coordinaci\u00f3n y que refleja el compromiso de la gobernadora Evelyn Salgado en materia de seguridad.<\/p>\n<p style=\"text-align: justify;\">Estos recursos fueron distribuidos y asignados a las instituciones en la materia como la Secretar\u00eda de Seguridad P\u00fablica con un monto de 189 millones de pesos; el Secretariado Ejecutivo del Sistema Estatal de Seguridad P\u00fablica un monto de 59 millones de pesos y la Fiscal\u00eda General del Estado con un monto de 47 millones de pesos, mientras que para el Tribunal Superior de Justicia ser\u00e1 por el orden de 18 millones de pesos, para los programas y subprogramas de prioridad nacional.<\/p>\n<p style=\"text-align: justify;\">Adem\u00e1s se detall\u00f3 la distribuci\u00f3n del Fondo de Fortalecimiento de las Instituciones de Seguridad P\u00fablica (FOFISP) para el Ejercicio Fiscal 2023 con un monto de 25 millones de pesos y el aporte del estado con un monto de 25 millones de pesos, para para los programas municipales de seguridad beneficiando a los gobiernos de Atenango del R\u00edo, Benito Ju\u00e1rez, Atoyac, Acatepec, Copala, Coyuca de Ben\u00edtez, Coyuca de Catal\u00e1n, Chilapa, Chilpancingo, Eduardo Neri, Florencio Villarreal, Huitzuco, Iguala, Juan R. Escudero, Marquelia, Ometepec, Pungarabato, San Luis Acatl\u00e1n, San Marcos, Tecoanapa, Tepecoacuilco, Tixtla, Tlapa, Tlapehuala, Zihuatanejo y Zir\u00e1ndaro.<\/p>\n<p style=\"text-align: justify;\">De acuerdo con el orden del d\u00eda se rindi\u00f3 un informe del estatus de los Programas con Prioridad Nacional que operan los municipios con la Secretar\u00eda de Seguridad P\u00fablica, a cargo del Registro Nacional de Personal de Seguridad P\u00fablica, Registro Nacional de Detenciones, Informe Policial Homologado, Licencias de Conducir y Capacitaciones.<\/p>\n<p style=\"text-align: justify;\">Adem\u00e1s, la gobernadora Evelyn Salgado tom\u00f3 protesta a los nuevos integrantes del Consejo Estatal de Seguridad P\u00fablica con la presencia del comandante de la D\u00e9cima Segunda Regi\u00f3n Naval, Julio C\u00e9sar Pescina \u00c1vila; el comandante de la Novena Regi\u00f3n Militar, Ricardo Flores Gonz\u00e1lez; la alcaldesa de Chilpancingo, Norma Otilia Hern\u00e1ndez Mart\u00ednez, entre otros integrantes del Consejo de Seguridad P\u00fablica\u00a0en\u00a0Guerrero.<\/p>\n<p style=\"text-align: justify;\">) S\u00edguenos en nuestra p\u00e1gina Facebook.com\/acapulcopress.news<br \/>\nhttps:\/\/www.facebook.com\/acapulcopress.news\/<br \/>\n) Vis\u00edtanos en acapulcopress.com<\/p>\n","protected":false},"excerpt":{"rendered":"<p>CHILPANCINGO * 8 de mayo de 2023. ) Gobierno de Guerrero \u201cLa construcci\u00f3n de la paz es tarea de todas y todos, de los tres niveles de gobierno, de coordinaci\u00f3n y de unidad\u201d, afirm\u00f3 la gobernadora Evelyn Salgado Pineda al encabezar la segunda sesi\u00f3n del Consejo Estatal de Seguridad P\u00fablica, donde se proyect\u00f3 el ejercicio&#8230;<\/p>\n","protected":false},"author":2,"featured_media":1253486,"comment_status":"closed","ping_status":"closed","sticky":false,"template":"","format":"standard","meta":{"footnotes":""},"categories":[1969,18561,2005],"tags":[6463,8251,8757],"class_list":["post-1253482","post","type-post","status-publish","format-standard","has-post-thumbnail","hentry","category-trending","category-society-politics","category-seguridad-y-justicia","tag-consejo-estatal-de-seguridad-publica","tag-evelyn-salgado-pineda","tag-fondo-de-aportaciones-para-la-seguridad-publica-fasp"],"_links":{"self":[{"href":"https:\/\/www.acapulcopress.com\/index.php\/wp-json\/wp\/v2\/posts\/1253482","targetHints":{"allow":["GET"]}}],"collection":[{"href":"https:\/\/www.acapulcopress.com\/index.php\/wp-json\/wp\/v2\/posts"}],"about":[{"href":"https:\/\/www.acapulcopress.com\/index.php\/wp-json\/wp\/v2\/types\/post"}],"author":[{"embeddable":true,"href":"https:\/\/www.acapulcopress.com\/index.php\/wp-json\/wp\/v2\/users\/2"}],"replies":[{"embeddable":true,"href":"https:\/\/www.acapulcopress.com\/index.php\/wp-json\/wp\/v2\/comments?post=1253482"}],"version-history":[{"count":0,"href":"https:\/\/www.acapulcopress.com\/index.php\/wp-json\/wp\/v2\/posts\/1253482\/revisions"}],"wp:featuredmedia":[{"embeddable":true,"href":"https:\/\/www.acapulcopress.com\/index.php\/wp-json\/"}],"wp:attachment":[{"href":"https:\/\/www.acapulcopress.com\/index.php\/wp-json\/wp\/v2\/media?parent=1253482"}],"wp:term":[{"taxonomy":"category","embeddable":true,"href":"https:\/\/www.acapulcopress.com\/index.php\/wp-json\/wp\/v2\/categories?post=1253482"},{"taxonomy":"post_tag","embeddable":true,"href":"https:\/\/www.acapulcopress.com\/index.php\/wp-json\/wp\/v2\/tags?post=1253482"}],"curies":[{"name":"wp","href":"https:\/\/api.w.org\/{rel}","templated":true}]}}