{"id":1253495,"date":"2023-05-12T20:30:06","date_gmt":"2023-05-13T01:30:06","guid":{"rendered":"https:\/\/www.acapulcopress.com\/?p=1253495"},"modified":"2023-05-12T20:30:06","modified_gmt":"2023-05-13T01:30:06","slug":"lo-mejor-no-esta-por-venir-en-la-uagro","status":"publish","type":"post","link":"https:\/\/www.acapulcopress.com\/index.php\/2023\/05\/12\/lo-mejor-no-esta-por-venir-en-la-uagro\/","title":{"rendered":"Lo mejor &#8216;no est\u00e1 por venir&#8217; en la UAGro"},"content":{"rendered":"<p style=\"text-align: justify;\">Marem\u00e1gnum<br \/>\n\u00bb <strong>RICARDO<\/strong> | <strong>CASTILLO BARRIENTOS<\/strong><br \/>\n<em>) Facebook: @<a href=\"https:\/\/www.facebook.com\/ricardocastill01\" target=\"_blank\" rel=\"noopener\">Ricardo Castillo Barrientos<\/a><\/em><\/p>\n<p style=\"text-align: justify;\">Lo que todo mundo sab\u00eda, se cumpli\u00f3. La candidatura \u00fanica y antidemocr\u00e1tica del nuevo cacique de la UAGro, <a href=\"https:\/\/www.facebook.com\/JavSaldana\" target=\"_blank\" rel=\"noopener\">Javier Salda\u00f1a Almaz\u00e1n<\/a>.<\/p>\n<p style=\"text-align: justify;\">La Comisi\u00f3n Electoral del desprestigiado y manipulable Consejo Universitario de la <a href=\"https:\/\/www.facebook.com\/UAGro.MX.Oficial\" target=\"_blank\" rel=\"noopener\">Universidad Aut\u00f3noma de Guerrero<\/a>, rechaz\u00f3 los registros a la rector\u00eda de la doctora <a href=\"https:\/\/www.facebook.com\/profile.php?id=100015894641643\" target=\"_blank\" rel=\"noopener\">Silvia Alem\u00e1n Mundo<\/a> y del ingeniero <a href=\"https:\/\/www.facebook.com\/jorgeluis.uriostegui\" target=\"_blank\" rel=\"noopener\">Jorge Luis Uri\u00f3stegui Train<\/a>, por no cumplir con los requisitos <img loading=\"lazy\" decoding=\"async\" class=\"alignleft size-medium wp-image-1253503\" src=\"https:\/\/www.acapulcopress.com\/wp-content\/uploads\/2023\/05\/rector-rico-375x500.jpg\" alt=\"\" width=\"375\" height=\"500\" \/>establecidos en el Estatuto General, en lo referente al elevado n\u00famero de consejeros requeridos para avalar candidaturas y que la Ley Org\u00e1nica no estipula. El rector de facto aument\u00f3 a su conveniencia los requisitos para seguir medrando de la instituci\u00f3n.<\/p>\n<p style=\"text-align: justify;\">El viernes 5 de mayo se llev\u00f3 a cabo el registro de aspirantes a la rector\u00eda y al siguiente d\u00eda, la Comisi\u00f3n Electoral del nada honorable Consejo Universitario, emiti\u00f3 el dictamen de en beneficio de Salda\u00f1a Almaz\u00e1n, que cont\u00f3 con el respaldo de 196 consejeros de un total de 204, -casi por unanimidad- semejante a los reg\u00edmenes antidemocr\u00e1ticos y autoritarios.<\/p>\n<p style=\"text-align: justify;\">El d\u00eda del registr\u00f3 se observ\u00f3 un demencial derroche de recursos y un descomunal acarreo de estudiantes, tra\u00eddos ex profeso de los planteles escolares diseminados en la entidad, quienes recibieron sus tortas y alg\u00fan l\u00edquido; adem\u00e1s que ser\u00e1n aprobados en sus ex\u00e1menes, constituy\u00e9ndose un fraude acad\u00e9mico auspiciado por la ambici\u00f3n desmedida de Salda\u00f1a por adue\u00f1arse de la M\u00e1xima Casa de Estudios.<\/p>\n<p style=\"text-align: justify;\"><img loading=\"lazy\" decoding=\"async\" class=\"alignleft size-medium wp-image-1253502\" src=\"https:\/\/www.acapulcopress.com\/wp-content\/uploads\/2023\/05\/repudio-saldana-375x211.jpg\" alt=\"\" width=\"375\" height=\"211\" \/>El pr\u00f3ximo tri-rector se vanaglori\u00f3 de haber reunido a 20 mil simpatizantes, lo que implicar\u00eda la contrataci\u00f3n de 500 autobuses de primera clase con un costo conservador de 5 millones de pesos. A \u00e9ste monto habr\u00eda que sumar los cuantiosos gastos de log\u00edstica del evento y la alimentaci\u00f3n de los numerosos contingentes, todo a cargo del presupuesto de la Universidad o de dinero malhabido.<\/p>\n<p style=\"text-align: justify;\">La contra-marcha de los aspirantes rechazados, result\u00f3 simb\u00f3lica y testimonial, en comparaci\u00f3n con la marcha multitudinaria del nuevo cacique, que est\u00e1 generando inconformidades nunca vistas. Sin duda, se est\u00e1 incubando el huevo de la serpiente. A mediano plazo se podr\u00eda adquirir mayor conciencia universitaria, tendiente a desterrar pr\u00e1cticas antidemocr\u00e1ticas y caciquiles de su alma m\u00e1ter.<\/p>\n<p style=\"text-align: justify;\">El reparto del pastel y el tr\u00e1fico de calificaciones, ser\u00e1n la constante, as\u00ed como el crecimiento de la riqueza inexplicable del rector de facto, cuyo lema \u201cLo mejor est\u00e1 por venir\u201d, tiene un mensaje pol\u00edtico futurista: Usar a la UAGro, como trampol\u00edn pol\u00edtico hasta encumbrarse en el poder estatal por el partido que sea.<\/p>\n<p style=\"text-align: justify;\"><strong>Marea Baja.-<\/strong> Tres importantes aniversarios de medios de comunicaci\u00f3n se celebraron <img loading=\"lazy\" decoding=\"async\" class=\"alignleft size-medium wp-image-1253505\" src=\"https:\/\/www.acapulcopress.com\/wp-content\/uploads\/2023\/05\/litentiado-julio-375x250.jpg\" alt=\"\" width=\"375\" height=\"250\" \/>recientemente. <em>El Sol de Chilpancingo,<\/em> cumpli\u00f3 49 a\u00f1os de su fundaci\u00f3n a cargo de don Reemberto Valdez Ortega, hoy bajo la direcci\u00f3n de <a href=\"https:\/\/www.facebook.com\/pedrojulio.valdezvilchis\" target=\"_blank\" rel=\"noopener\">Pedro Julio Valdez Vilchis<\/a> y Carlos Ra\u00fal Valdez T\u00e9llez. Es el principal peri\u00f3dico de la capital del estado.<\/p>\n<p style=\"text-align: justify;\">La primera emisi\u00f3n del noticiero <em>Informe 24,<\/em> que conduce Enrique Silva, del Grupo Audiorama, cumpli\u00f3 28 a\u00f1os al aire, siendo el noticiero radiof\u00f3nico m\u00e1s escuchado del puerto, por la amenidad que imprime todos los d\u00edas el eficaz conductor.<\/p>\n<p style=\"text-align: justify;\">Por su parte, el peri\u00f3dico El Sur, cumpli\u00f3 tres d\u00e9cadas de su aparici\u00f3n como medio impreso, que vino a desbancar a otros diarios de mayor tradici\u00f3n, que llegaron a su extinci\u00f3n.<\/p>\n<p style=\"text-align: justify;\">Los directivos, Juan Angulo Osorio y Maribel Guti\u00e9rrez, han ubicado a <em>El Sur<\/em> en lectura obligada del c\u00edrculo rojo, integrado por pol\u00edticos, intelectuales y personas de cierto nivel cultural.<\/p>\n<p style=\"text-align: justify;\">Nuestra sincera felicitaci\u00f3n a estos importantes medios, por cumplir su misi\u00f3n period\u00edstica con profesionalismo y responsabilidad.<\/p>\n<p style=\"text-align: justify;\"><strong>Marea Alta.-<\/strong> En la comunidad Dos Arroyos se dio el inusitado destape a la alcald\u00eda de Acapulco de la diputada <a href=\"https:\/\/www.facebook.com\/YoloczinDominguez\" target=\"_blank\" rel=\"noopener\">Yoloczin Dom\u00ednguez Serna<\/a>, coordinadora de la Junta de Coordinaci\u00f3n Pol\u00edtica del Congreso del Estado.<\/p>\n<p style=\"text-align: justify;\">Tanto la comisaria municipal, Mercedes Mart\u00ednez Qui\u00f1ones, como el presidente del Comisariado Ejidal, Fidel Jim\u00e9nez Nava, se pronunciaron a favor de la diputada morenista para que participe como candidata a la presidencia municipal, por la labor de gestor\u00eda que ha realizado en beneficio de esta comunidad, en cumplimiento a los compromisos contra\u00eddos con las familias de ese lugar.<\/p>\n<p style=\"text-align: justify;\">La legisladora se mostr\u00f3 complacida por las muestras de simpat\u00eda y apoyo recibidas, refrendando su disposici\u00f3n de reforzar los lazos de uni\u00f3n con los pobladores de Dos Arroyos y las comunidades adyacentes. En esta gira de trabajo estuvo acompa\u00f1ada del dirigente estatal de Morena, Jacinto Gonz\u00e1lez Varona.<\/p>\n<p style=\"text-align: justify;\"><strong>Maremoto.-<\/strong> Transitoriamente disminuy\u00f3 la tensi\u00f3n en la Tierra Caliente, entre la gobernadora, alcaldes y diputados, aunque permanece subyacente el problema toral de la violencia, desplazamientos y grupos criminales. Indiscutiblemente imper\u00f3 el dialogo y la raz\u00f3n.<\/p>\n<p style=\"text-align: justify;\">La gobernadora <a href=\"https:\/\/www.facebook.com\/EvelynSalgadoP\" target=\"_blank\" rel=\"noopener\">Evelyn Salgado<\/a> y el ex gobernador \u00c1ngel Aguirre, han puesto \u00e9nfasis en la necesidad de brindar la mayor atenci\u00f3n a la regi\u00f3n hasta conducirla hacia el desarrollo, a trav\u00e9s de inversiones en sectores productivos, obras de infraestructura y programas sociales; porque de otra manera, permanecer\u00e1 el statu quo y se profundizar\u00eda la criminalidad y su derivados, como la violencia, la inseguridad y la migraci\u00f3n.<\/p>\n<p style=\"text-align: justify;\">M\u00e1s que divergencias, hay coincidencias entre ambos dirigentes pol\u00edticos, que tienen altura de miras para observar crucialmente la realidad social guerrerense y encauzar soluciones, a fin no queden fuera de control los problemas que aquejan a toda sociedad, como la nuestra.<\/p>\n<p style=\"text-align: justify;\"><em>) S\u00edguenos en nuestra p\u00e1gina Facebook.com\/<a href=\"https:\/\/www.facebook.com\/acapulcopress.news\/\" target=\"_blank\" rel=\"noopener\">acapulcopress.news<\/a><\/em><\/p>\n","protected":false},"excerpt":{"rendered":"<p>Marem\u00e1gnum \u00bb RICARDO | CASTILLO BARRIENTOS ) Facebook: @Ricardo Castillo Barrientos Lo que todo mundo sab\u00eda, se cumpli\u00f3. La candidatura \u00fanica y antidemocr\u00e1tica del nuevo cacique de la UAGro, Javier Salda\u00f1a Almaz\u00e1n. La Comisi\u00f3n Electoral del desprestigiado y manipulable Consejo Universitario de la Universidad Aut\u00f3noma de Guerrero, rechaz\u00f3 los registros a la rector\u00eda de la&#8230;<\/p>\n","protected":false},"author":2,"featured_media":1253504,"comment_status":"closed","ping_status":"closed","sticky":false,"template":"","format":"standard","meta":{"footnotes":""},"categories":[1972,2071,1991],"tags":[7782,10644,10908,12503,15575,16627,17610],"class_list":["post-1253495","post","type-post","status-publish","format-standard","has-post-thumbnail","hentry","category-special","category-opinion-analisis-columnas","category-libertad-de-expresion","tag-el-sol-de-chilpancingo","tag-javier-saldana-almazan","tag-jorge-luis-uriostegui-train","tag-maremagnum","tag-ricardo-castillo-barrientos","tag-silvia-aleman-mundo","tag-universidad-autonoma-de-guerrero-uagro"],"_links":{"self":[{"href":"https:\/\/www.acapulcopress.com\/index.php\/wp-json\/wp\/v2\/posts\/1253495","targetHints":{"allow":["GET"]}}],"collection":[{"href":"https:\/\/www.acapulcopress.com\/index.php\/wp-json\/wp\/v2\/posts"}],"about":[{"href":"https:\/\/www.acapulcopress.com\/index.php\/wp-json\/wp\/v2\/types\/post"}],"author":[{"embeddable":true,"href":"https:\/\/www.acapulcopress.com\/index.php\/wp-json\/wp\/v2\/users\/2"}],"replies":[{"embeddable":true,"href":"https:\/\/www.acapulcopress.com\/index.php\/wp-json\/wp\/v2\/comments?post=1253495"}],"version-history":[{"count":0,"href":"https:\/\/www.acapulcopress.com\/index.php\/wp-json\/wp\/v2\/posts\/1253495\/revisions"}],"wp:featuredmedia":[{"embeddable":true,"href":"https:\/\/www.acapulcopress.com\/index.php\/wp-json\/"}],"wp:attachment":[{"href":"https:\/\/www.acapulcopress.com\/index.php\/wp-json\/wp\/v2\/media?parent=1253495"}],"wp:term":[{"taxonomy":"category","embeddable":true,"href":"https:\/\/www.acapulcopress.com\/index.php\/wp-json\/wp\/v2\/categories?post=1253495"},{"taxonomy":"post_tag","embeddable":true,"href":"https:\/\/www.acapulcopress.com\/index.php\/wp-json\/wp\/v2\/tags?post=1253495"}],"curies":[{"name":"wp","href":"https:\/\/api.w.org\/{rel}","templated":true}]}}