{"id":1253510,"date":"2023-05-13T00:33:30","date_gmt":"2023-05-13T05:33:30","guid":{"rendered":"https:\/\/www.acapulcopress.com\/?p=1253510"},"modified":"2023-05-13T00:33:30","modified_gmt":"2023-05-13T05:33:30","slug":"revisa-gobernadora-estrategias-de-difusion-participacion-y-vinculacion-ciudadana","status":"publish","type":"post","link":"https:\/\/www.acapulcopress.com\/index.php\/2023\/05\/13\/revisa-gobernadora-estrategias-de-difusion-participacion-y-vinculacion-ciudadana\/","title":{"rendered":"Revisa Gobernadora estrategias de difusi\u00f3n, participaci\u00f3n y vinculaci\u00f3n ciudadana"},"content":{"rendered":"<p style=\"text-align: justify;\">CHILPANCINGO * 12 de mayo de 2023.<br \/>\n<em>) Gobierno de Guerrero<\/em><br \/>\n<img loading=\"lazy\" decoding=\"async\" class=\"alignleft size-medium wp-image-1253513\" src=\"https:\/\/www.acapulcopress.com\/wp-content\/uploads\/2023\/05\/EVELYN.POSSELT2-375x250.jpg\" alt=\"\" width=\"375\" height=\"250\" \/>La gobernadora <a href=\"https:\/\/www.facebook.com\/EvelynSalgadoP\" target=\"_blank\" rel=\"noopener\">Evelyn Salgado Pineda<\/a> y el director General de Comunicaci\u00f3n Social del estado, <a href=\"https:\/\/www.facebook.com\/profile.php?id=100064099782284\" target=\"_blank\" rel=\"noopener\">Ren\u00e9 Posselt Aguirre<\/a>, junto con el asesor del Ejecutivo Estatal, revisaron las estrategias de difusi\u00f3n, participaci\u00f3n y vinculaci\u00f3n ciudadana para fortalecer la colaboraci\u00f3n de las y los guerrerenses en toda acci\u00f3n de beneficio comunitario, con el objetivo de que las acciones de gobierno lleguen y se informen en todos los rincones\u00a0de\u00a0la\u00a0entidad.<\/p>\n<p><img loading=\"lazy\" decoding=\"async\" class=\"alignnone wp-image-1253514 \" src=\"https:\/\/www.acapulcopress.com\/wp-content\/uploads\/2023\/05\/EVELYN.POSSELT3.jpg\" alt=\"\" width=\"690\" height=\"461\" \/><\/p>\n<p><em>) S\u00edguenos en nuestra p\u00e1gina Facebook.com\/<a href=\"https:\/\/www.facebook.com\/acapulcopress.news\" target=\"_blank\" rel=\"noopener\">acapulcopress.news<\/a><\/em><\/p>\n","protected":false},"excerpt":{"rendered":"<p>CHILPANCINGO * 12 de mayo de 2023. ) Gobierno de Guerrero La gobernadora Evelyn Salgado Pineda y el director General de Comunicaci\u00f3n Social del estado, Ren\u00e9 Posselt Aguirre, junto con el asesor del Ejecutivo Estatal, revisaron las estrategias de difusi\u00f3n, participaci\u00f3n y vinculaci\u00f3n ciudadana para fortalecer la colaboraci\u00f3n de las y los guerrerenses en toda&#8230;<\/p>\n","protected":false},"author":2,"featured_media":1253512,"comment_status":"closed","ping_status":"closed","sticky":false,"template":"","format":"standard","meta":{"footnotes":""},"categories":[1983,18561],"tags":[8251,15481],"class_list":["post-1253510","post","type-post","status-publish","format-standard","has-post-thumbnail","hentry","category-guerrerogob","category-society-politics","tag-evelyn-salgado-pineda","tag-rene-posselt-aguirre"],"_links":{"self":[{"href":"https:\/\/www.acapulcopress.com\/index.php\/wp-json\/wp\/v2\/posts\/1253510","targetHints":{"allow":["GET"]}}],"collection":[{"href":"https:\/\/www.acapulcopress.com\/index.php\/wp-json\/wp\/v2\/posts"}],"about":[{"href":"https:\/\/www.acapulcopress.com\/index.php\/wp-json\/wp\/v2\/types\/post"}],"author":[{"embeddable":true,"href":"https:\/\/www.acapulcopress.com\/index.php\/wp-json\/wp\/v2\/users\/2"}],"replies":[{"embeddable":true,"href":"https:\/\/www.acapulcopress.com\/index.php\/wp-json\/wp\/v2\/comments?post=1253510"}],"version-history":[{"count":0,"href":"https:\/\/www.acapulcopress.com\/index.php\/wp-json\/wp\/v2\/posts\/1253510\/revisions"}],"wp:featuredmedia":[{"embeddable":true,"href":"https:\/\/www.acapulcopress.com\/index.php\/wp-json\/"}],"wp:attachment":[{"href":"https:\/\/www.acapulcopress.com\/index.php\/wp-json\/wp\/v2\/media?parent=1253510"}],"wp:term":[{"taxonomy":"category","embeddable":true,"href":"https:\/\/www.acapulcopress.com\/index.php\/wp-json\/wp\/v2\/categories?post=1253510"},{"taxonomy":"post_tag","embeddable":true,"href":"https:\/\/www.acapulcopress.com\/index.php\/wp-json\/wp\/v2\/tags?post=1253510"}],"curies":[{"name":"wp","href":"https:\/\/api.w.org\/{rel}","templated":true}]}}