{"id":1253516,"date":"2023-05-13T00:44:31","date_gmt":"2023-05-13T05:44:31","guid":{"rendered":"https:\/\/www.acapulcopress.com\/?p=1253516"},"modified":"2023-05-13T00:44:31","modified_gmt":"2023-05-13T05:44:31","slug":"apoya-gobierno-estatal-regreso-de-desplazados-de-la-sierra-a-sus-comunidades","status":"publish","type":"post","link":"https:\/\/www.acapulcopress.com\/index.php\/2023\/05\/13\/apoya-gobierno-estatal-regreso-de-desplazados-de-la-sierra-a-sus-comunidades\/","title":{"rendered":"Apoya Gobierno estatal regreso de desplazados de La Sierra a sus comunidades"},"content":{"rendered":"<p style=\"text-align: justify;\">TECPAN DE GALEANA * 12 de mayo de 2023.<br \/>\n<em>) Gobierno de Guerrero<br \/>\n<\/em>Como parte del compromiso que ha asumido la Gobernadora <a href=\"https:\/\/www.facebook.com\/EvelynSalgadoP\" target=\"_blank\" rel=\"noopener\">Evelyn Salgado Pineda<\/a>, de atender de manera integral el fen\u00f3meno de desplazamiento interno en Guerrero, el <img loading=\"lazy\" decoding=\"async\" class=\"alignleft size-medium wp-image-1253521\" src=\"https:\/\/www.acapulcopress.com\/wp-content\/uploads\/2023\/05\/desplazados.sierra5-375x251.jpg\" alt=\"\" width=\"375\" height=\"251\" \/>gobierno del estado logr\u00f3 el retorno seguro de 18 familias a su comunidad de Los Bayados en La Sierra perteneciente al municipio de Ajuchitl\u00e1n del Progreso quienes dejaron sus hogares desde hace dos meses.<\/p>\n<p style=\"text-align: justify;\">La Secretar\u00eda General de Gobierno, a trav\u00e9s del director general de Gobernaci\u00f3n, Francisco Rodr\u00edguez Cisneros, acompa\u00f1ado del director general de Derechos Humanos, Miguel Flores Morales y el delegado estatal de Costa Grande, Juan M\u00e9ndez Nogueda, firmaron la minuta de acuerdos establecidos entre las familias y las autoridades, con el compromiso de mejorar las condiciones de seguridad de la comunidad. Las familias salieron de Santa Rosa, municipio de Tecpan, donde permanec\u00edan temporalmente y en su retorno a sus lugares de <img loading=\"lazy\" decoding=\"async\" class=\"alignleft size-medium wp-image-1253519\" src=\"https:\/\/www.acapulcopress.com\/wp-content\/uploads\/2023\/05\/desplazados.sierra3-375x251.jpg\" alt=\"\" width=\"375\" height=\"251\" \/>origen fueron acompa\u00f1adas de elementos del Ej\u00e9rcito Mexicano y de la Polic\u00eda del Estado a fin de brindarles seguridad hasta que se instalen nuevamente en su comunidad.<\/p>\n<p style=\"text-align: justify;\">El funcionario estatal pidi\u00f3 a los pobladores mantener la ruta del di\u00e1logo, \u201cla cual fue pieza fundamental en la construcci\u00f3n de acuerdos para que el d\u00eda de hoy puedan regresar a sus hogares\u201d.<\/p>\n<p style=\"text-align: justify;\">Rodr\u00edguez Cisneros, afirm\u00f3 que las dependencias del Poder Ejecutivo atendiendo la instrucci\u00f3n de la gobernadora Evelyn Salgado Pineda, se mantendr\u00e1n firmes con los compromisos establecidos en reuniones previas para la instalaci\u00f3n de una base de seguridad en la comunidad, los servicios de salud y de educaci\u00f3n, as\u00ed como el <img loading=\"lazy\" decoding=\"async\" class=\"alignleft size-medium wp-image-1253518\" src=\"https:\/\/www.acapulcopress.com\/wp-content\/uploads\/2023\/05\/desplazados.sierra2-375x251.jpg\" alt=\"\" width=\"375\" height=\"251\" \/>acompa\u00f1amiento permanente con los pobladores.<\/p>\n<p style=\"text-align: justify;\">Puntualiz\u00f3 que este logro fue gracias a la coordinaci\u00f3n de todos los \u00f3rdenes de gobierno que contin\u00faan atendiendo de manera integral el fen\u00f3meno de desplazamiento interno a trav\u00e9s de las mesas de coordinaci\u00f3n para la construcci\u00f3n de paz y del inter\u00e9s de la gobernadora Evelyn Salgado Pineda de mantener la gobernabilidad y la paz en todos los municipios\u00a0del\u00a0estado.<\/p>\n<p style=\"text-align: justify;\"><em>) S\u00edguenos en nuestra p\u00e1gina Facebook.com\/<a href=\"https:\/\/www.facebook.com\/acapulcopress.news\" target=\"_blank\" rel=\"noopener\">acapulcopress.news<\/a><\/em><\/p>\n","protected":false},"excerpt":{"rendered":"<p>TECPAN DE GALEANA * 12 de mayo de 2023. ) Gobierno de Guerrero Como parte del compromiso que ha asumido la Gobernadora Evelyn Salgado Pineda, de atender de manera integral el fen\u00f3meno de desplazamiento interno en Guerrero, el gobierno del estado logr\u00f3 el retorno seguro de 18 familias a su comunidad de Los Bayados en&#8230;<\/p>\n","protected":false},"author":2,"featured_media":1253520,"comment_status":"closed","ping_status":"closed","sticky":false,"template":"","format":"standard","meta":{"footnotes":""},"categories":[1972,1983,18561],"tags":[8251],"class_list":["post-1253516","post","type-post","status-publish","format-standard","has-post-thumbnail","hentry","category-special","category-guerrerogob","category-society-politics","tag-evelyn-salgado-pineda"],"_links":{"self":[{"href":"https:\/\/www.acapulcopress.com\/index.php\/wp-json\/wp\/v2\/posts\/1253516","targetHints":{"allow":["GET"]}}],"collection":[{"href":"https:\/\/www.acapulcopress.com\/index.php\/wp-json\/wp\/v2\/posts"}],"about":[{"href":"https:\/\/www.acapulcopress.com\/index.php\/wp-json\/wp\/v2\/types\/post"}],"author":[{"embeddable":true,"href":"https:\/\/www.acapulcopress.com\/index.php\/wp-json\/wp\/v2\/users\/2"}],"replies":[{"embeddable":true,"href":"https:\/\/www.acapulcopress.com\/index.php\/wp-json\/wp\/v2\/comments?post=1253516"}],"version-history":[{"count":0,"href":"https:\/\/www.acapulcopress.com\/index.php\/wp-json\/wp\/v2\/posts\/1253516\/revisions"}],"wp:featuredmedia":[{"embeddable":true,"href":"https:\/\/www.acapulcopress.com\/index.php\/wp-json\/"}],"wp:attachment":[{"href":"https:\/\/www.acapulcopress.com\/index.php\/wp-json\/wp\/v2\/media?parent=1253516"}],"wp:term":[{"taxonomy":"category","embeddable":true,"href":"https:\/\/www.acapulcopress.com\/index.php\/wp-json\/wp\/v2\/categories?post=1253516"},{"taxonomy":"post_tag","embeddable":true,"href":"https:\/\/www.acapulcopress.com\/index.php\/wp-json\/wp\/v2\/tags?post=1253516"}],"curies":[{"name":"wp","href":"https:\/\/api.w.org\/{rel}","templated":true}]}}