{"id":1253523,"date":"2023-05-13T00:56:03","date_gmt":"2023-05-13T05:56:03","guid":{"rendered":"https:\/\/www.acapulcopress.com\/?p=1253523"},"modified":"2023-05-13T00:56:03","modified_gmt":"2023-05-13T05:56:03","slug":"detalla-gobernadora-agenda-turistica-de-proximas-semanas-en-el-hogardelsol","status":"publish","type":"post","link":"https:\/\/www.acapulcopress.com\/index.php\/2023\/05\/13\/detalla-gobernadora-agenda-turistica-de-proximas-semanas-en-el-hogardelsol\/","title":{"rendered":"Detalla Gobernadora agenda tur\u00edstica de pr\u00f3ximas semanas en el #HogarDelSol"},"content":{"rendered":"<p style=\"text-align: justify;\">CHILPANCINGO * 12 de mayo de 2023.<br \/>\n) Gobierno de Guerrero<br \/>\nLa gobernadora <a href=\"https:\/\/www.facebook.com\/EvelynSalgadoP\" target=\"_blank\" rel=\"noopener\">Evelyn Salgado Pineda<\/a> sostuvo una reuni\u00f3n con el secretario de Turismo, <img loading=\"lazy\" decoding=\"async\" class=\"alignleft size-medium wp-image-1253525\" src=\"https:\/\/www.acapulcopress.com\/wp-content\/uploads\/2023\/05\/evelyn.turismo-375x250.jpg\" alt=\"\" width=\"375\" height=\"250\" \/>Santos Ram\u00edrez Cuevas, para afinar los detalles de la agenda tur\u00edstica que se desarrollar\u00e1 durante las pr\u00f3ximas semanas en el #HogarDelSol, as\u00ed como las acciones de promoci\u00f3n tur\u00edstica que influye en el incremento de la afluencia de visitantes en los destinos tur\u00edsticos de la entidad.<\/p>\n<p style=\"text-align: justify;\">Acompa\u00f1ada por el subsecretario de Administraci\u00f3n de la Sefina Guerrero, Ricardo Salinas M\u00e9ndez, la mandataria estatal instruy\u00f3 en seguir avanzando para atraer importantes eventos deportivos y congresos internacionales; adem\u00e1s de realizar los preparativos para la pr\u00f3xima temporada vacacional de verano, a efecto de lograr resultados exitosos en beneficio de nuestros visitantes y\u00a0de\u00a0la\u00a0entidad.<\/p>\n<p><em>) S\u00edguenos en nuestra p\u00e1gina Facebook.com\/<a href=\"https:\/\/www.facebook.com\/acapulcopress.news\" target=\"_blank\" rel=\"noopener\">acapulcopress.news<\/a><\/em><\/p>\n","protected":false},"excerpt":{"rendered":"<p>CHILPANCINGO * 12 de mayo de 2023. ) Gobierno de Guerrero La gobernadora Evelyn Salgado Pineda sostuvo una reuni\u00f3n con el secretario de Turismo, Santos Ram\u00edrez Cuevas, para afinar los detalles de la agenda tur\u00edstica que se desarrollar\u00e1 durante las pr\u00f3ximas semanas en el #HogarDelSol, as\u00ed como las acciones de promoci\u00f3n tur\u00edstica que influye en&#8230;<\/p>\n","protected":false},"author":2,"featured_media":1253526,"comment_status":"closed","ping_status":"closed","sticky":false,"template":"","format":"standard","meta":{"footnotes":""},"categories":[1983,18561],"tags":[2737,8251],"class_list":["post-1253523","post","type-post","status-publish","format-standard","has-post-thumbnail","hentry","category-guerrerogob","category-society-politics","tag-hogardelsol","tag-evelyn-salgado-pineda"],"_links":{"self":[{"href":"https:\/\/www.acapulcopress.com\/index.php\/wp-json\/wp\/v2\/posts\/1253523","targetHints":{"allow":["GET"]}}],"collection":[{"href":"https:\/\/www.acapulcopress.com\/index.php\/wp-json\/wp\/v2\/posts"}],"about":[{"href":"https:\/\/www.acapulcopress.com\/index.php\/wp-json\/wp\/v2\/types\/post"}],"author":[{"embeddable":true,"href":"https:\/\/www.acapulcopress.com\/index.php\/wp-json\/wp\/v2\/users\/2"}],"replies":[{"embeddable":true,"href":"https:\/\/www.acapulcopress.com\/index.php\/wp-json\/wp\/v2\/comments?post=1253523"}],"version-history":[{"count":0,"href":"https:\/\/www.acapulcopress.com\/index.php\/wp-json\/wp\/v2\/posts\/1253523\/revisions"}],"wp:featuredmedia":[{"embeddable":true,"href":"https:\/\/www.acapulcopress.com\/index.php\/wp-json\/"}],"wp:attachment":[{"href":"https:\/\/www.acapulcopress.com\/index.php\/wp-json\/wp\/v2\/media?parent=1253523"}],"wp:term":[{"taxonomy":"category","embeddable":true,"href":"https:\/\/www.acapulcopress.com\/index.php\/wp-json\/wp\/v2\/categories?post=1253523"},{"taxonomy":"post_tag","embeddable":true,"href":"https:\/\/www.acapulcopress.com\/index.php\/wp-json\/wp\/v2\/tags?post=1253523"}],"curies":[{"name":"wp","href":"https:\/\/api.w.org\/{rel}","templated":true}]}}