{"id":1253534,"date":"2023-05-13T01:03:22","date_gmt":"2023-05-13T06:03:22","guid":{"rendered":"https:\/\/www.acapulcopress.com\/?p=1253534"},"modified":"2023-05-13T01:03:22","modified_gmt":"2023-05-13T06:03:22","slug":"celebra-congreso-de-guerrero-a-las-madres-en-su-dia","status":"publish","type":"post","link":"https:\/\/www.acapulcopress.com\/index.php\/2023\/05\/13\/celebra-congreso-de-guerrero-a-las-madres-en-su-dia\/","title":{"rendered":"Celebra Congreso de Guerrero a las madres en su d\u00eda"},"content":{"rendered":"<p style=\"text-align: justify;\">CHILPANCINGO * 12 de mayo de 2023.<br \/>\n<em>) Congreso de Guerrero<\/em><br \/>\nEl Congreso del Estado festej\u00f3 este viernes con motivo del D\u00eda de las Madres a las <img loading=\"lazy\" decoding=\"async\" class=\"alignleft size-medium wp-image-1253532\" src=\"https:\/\/www.acapulcopress.com\/wp-content\/uploads\/2023\/05\/yoloczin.madres6-375x226.jpeg\" alt=\"\" width=\"375\" height=\"226\" \/>trabajadoras de la instituci\u00f3n, mediante un banquete, m\u00fasica en vivo y regalos para todas las asistentes.<\/p>\n<p style=\"text-align: justify;\">En el evento, la diputada <a href=\"https:\/\/www.facebook.com\/EvelynSalgadoP\" target=\"_blank\" rel=\"noopener\">Yoloczin Dom\u00ednguez Serna<\/a>, presidenta de la Junta de Coordinaci\u00f3n Pol\u00edtica (Jucopo), hizo extensiva la felicitaci\u00f3n a todas las madres que en sus hogares cr\u00edan y educan a su hijas e hijos con dedicaci\u00f3n y mucho cari\u00f1o, sin menoscabo de la ardua y pulcra labor que realizan a diario en las distintas \u00e1reas t\u00e9cnico-administrativas del Congreso, en apoyo a legisladoras y legisladores.<\/p>\n<p style=\"text-align: justify;\">En ese sentido, manifest\u00f3 su orgullo porque hoy en d\u00eda el Poder Legislativo de Guerrero no solo cuenta con dos mujeres presidiendo la Junta de Coordinaci\u00f3n Pol\u00edtica y la Mesa <img loading=\"lazy\" decoding=\"async\" class=\"alignleft size-medium wp-image-1253531\" src=\"https:\/\/www.acapulcopress.com\/wp-content\/uploads\/2023\/05\/yoloczin.madres5-375x225.jpeg\" alt=\"\" width=\"375\" height=\"225\" \/>Directiva, sino que tambi\u00e9n son mujeres las que lideran a los organismos sindicales de la instituci\u00f3n, lo que las hace abanderar con mayor ah\u00ednco sus demandas laborales y proteger sus intereses y derechos humanos.<\/p>\n<p style=\"text-align: justify;\">Al hacer uso de la palabra, la dirigente del SUSPEG en el Congreso, Mar\u00eda de Teresa Abarca, agradeci\u00f3 a la presidenta de la Jucopo la solidaridad y acompa\u00f1amiento que da a las madres que hacen vida laboral al interior del Congreso, quienes d\u00eda a d\u00eda se esfuerzan por dar lo mejor para cumplir con sus encomiendas,\u00a0lo que les permite, a su vez, sacar adelante una educaci\u00f3n integral para sus hijas e hijos.<\/p>\n<p style=\"text-align: justify;\">En su oportunidad, Jazm\u00edn Piza Rodr\u00edguez, secretaria general del Sindicato Sentimientos de <img loading=\"lazy\" decoding=\"async\" class=\"alignleft size-medium wp-image-1253530\" src=\"https:\/\/www.acapulcopress.com\/wp-content\/uploads\/2023\/05\/yoloczin.madres4-375x225.jpeg\" alt=\"\" width=\"375\" height=\"225\" \/>la Naci\u00f3n, extern\u00f3 su reconocimiento para sus compa\u00f1eras que \u201chacen doble funci\u00f3n en la vida, la de ser madres, trabajadoras y funcionarias; algunas quienes incluso hacen el papel de padres\u201d; y en ese tenor, agradeci\u00f3 tambi\u00e9n a la diputada presidenta de la Jucopo por el respaldo que da a las mujeres del Congreso, a quienes reconoce su papel vital para el \u00f3ptimo funcionamiento del Poder Legislativo.<\/p>\n<p style=\"text-align: justify;\">Acompa\u00f1aron este evento el secretario de Servicios Financieros y Administrativos, Andr\u00e9s Rosendo Orozco Pintos; el director de Comunicaci\u00f3n, Roberto Ram\u00edrez Bravo; la subdirectora de Recursos Humanos, Juanita Avil\u00e9s Rodr\u00edguez; la subdirectora de Recursos Materiales, Arlene Siu Sarabia Pe\u00f1a; el secretario t\u00e9cnico de la Jucopo, Arturo Pacheco Bedolla, y las secretarias generales de la Secci\u00f3n 55 del SUSPEG y del Sindicato Sentimientos de la Naci\u00f3n, Mar\u00eda Teresa Abarca Romero y Jazm\u00edn Piza Rodr\u00edguez, respectivamente.<\/p>\n<p style=\"text-align: justify;\"><em>) S\u00edguenos en nuestra p\u00e1gina Facebook.com\/<a href=\"https:\/\/www.facebook.com\/acapulcopress.news\" target=\"_blank\" rel=\"noopener\">acapulcopress.news<\/a><\/em><\/p>\n","protected":false},"excerpt":{"rendered":"<p>CHILPANCINGO * 12 de mayo de 2023. ) Congreso de Guerrero El Congreso del Estado festej\u00f3 este viernes con motivo del D\u00eda de las Madres a las trabajadoras de la instituci\u00f3n, mediante un banquete, m\u00fasica en vivo y regalos para todas las asistentes. En el evento, la diputada Yoloczin Dom\u00ednguez Serna, presidenta de la Junta&#8230;<\/p>\n","protected":false},"author":2,"featured_media":1253528,"comment_status":"closed","ping_status":"closed","sticky":false,"template":"","format":"standard","meta":{"footnotes":""},"categories":[61,18561],"tags":[6370,18260],"class_list":["post-1253534","post","type-post","status-publish","format-standard","has-post-thumbnail","hentry","category-legislacion","category-society-politics","tag-congreso-de-guerrero","tag-yoloczin-dominguez-serna"],"_links":{"self":[{"href":"https:\/\/www.acapulcopress.com\/index.php\/wp-json\/wp\/v2\/posts\/1253534","targetHints":{"allow":["GET"]}}],"collection":[{"href":"https:\/\/www.acapulcopress.com\/index.php\/wp-json\/wp\/v2\/posts"}],"about":[{"href":"https:\/\/www.acapulcopress.com\/index.php\/wp-json\/wp\/v2\/types\/post"}],"author":[{"embeddable":true,"href":"https:\/\/www.acapulcopress.com\/index.php\/wp-json\/wp\/v2\/users\/2"}],"replies":[{"embeddable":true,"href":"https:\/\/www.acapulcopress.com\/index.php\/wp-json\/wp\/v2\/comments?post=1253534"}],"version-history":[{"count":0,"href":"https:\/\/www.acapulcopress.com\/index.php\/wp-json\/wp\/v2\/posts\/1253534\/revisions"}],"wp:featuredmedia":[{"embeddable":true,"href":"https:\/\/www.acapulcopress.com\/index.php\/wp-json\/"}],"wp:attachment":[{"href":"https:\/\/www.acapulcopress.com\/index.php\/wp-json\/wp\/v2\/media?parent=1253534"}],"wp:term":[{"taxonomy":"category","embeddable":true,"href":"https:\/\/www.acapulcopress.com\/index.php\/wp-json\/wp\/v2\/categories?post=1253534"},{"taxonomy":"post_tag","embeddable":true,"href":"https:\/\/www.acapulcopress.com\/index.php\/wp-json\/wp\/v2\/tags?post=1253534"}],"curies":[{"name":"wp","href":"https:\/\/api.w.org\/{rel}","templated":true}]}}