{"id":1253536,"date":"2023-05-13T01:15:24","date_gmt":"2023-05-13T06:15:24","guid":{"rendered":"https:\/\/www.acapulcopress.com\/?p=1253536"},"modified":"2023-05-13T01:15:24","modified_gmt":"2023-05-13T06:15:24","slug":"carteles-gobiernan-mexico-ron-desantis","status":"publish","type":"post","link":"https:\/\/www.acapulcopress.com\/index.php\/2023\/05\/13\/carteles-gobiernan-mexico-ron-desantis\/","title":{"rendered":"Carteles gobiernan M\u00e9xico | Ron DeSantis"},"content":{"rendered":"<p style=\"text-align: justify;\">FLORIDA * 12 de mayo de 2023.<br \/>\n<em>) Efe \/<a href=\"https:\/\/latinus.us\/2023\/05\/12\/ron-desantis-carteles-controlan-mexico-amlo-desastre-manos\/\" target=\"_blank\" rel=\"noopener\"> LatinUS<\/a><\/em><\/p>\n<p style=\"text-align: justify;\">El gobernador de Florida, el republicano <a href=\"https:\/\/www.facebook.com\/RonDeSantisFlorida\" target=\"_blank\" rel=\"noopener\">Ron DeSantis<\/a>, respondi\u00f3 este viernes a las cr\u00edticas contra su pol\u00edtica antimigratoria proferidas por el presidente de M\u00e9xico, <a href=\"https:\/\/www.facebook.com\/lopezobrador.org.mx\" target=\"_blank\" rel=\"noopener\">Andr\u00e9s Manuel L\u00f3pez Obrador<\/a>.<\/p>\n<p style=\"text-align: justify;\">\u201cTienes al presidente mexicano (L\u00f3pez Obrador) que est\u00e1 criticando a Florida por promulgar leyes contra la migraci\u00f3n ilegal, \u00e9l tiene un desastre en sus manos, tiene c\u00e1rteles que est\u00e1n totalmente fuera de control, que gobiernan a su pa\u00eds\u201d, asegur\u00f3 el gobernador durante la firma de una legislaci\u00f3n para prohibir una moneda digital del banco central adoptada por el gobierno federal.<\/p>\n<p style=\"text-align: justify;\">Ron DeSantis acus\u00f3 que el gobierno de M\u00e9xico permite el paso de millones de migrantes para que se dirijan hacia Estados Unidos.<\/p>\n<p style=\"text-align: justify;\">El pasado 8 de mayo, el presidente L\u00f3pez Obrador cr\u00edtico las medidas contra los migrantes por parte de los gobernadores de Texas, Greg Abbott, y el del Florida, Ron DeSantis, a quienes acus\u00f3 de \u201cpolitiquer\u00eda\u201d.<\/p>\n<p style=\"text-align: justify;\">L\u00f3pez Obrador asegur\u00f3 que DeSantis \u201cahora est\u00e1 tomando medidas represivas, inhumanas en contra de los migrantes en Florida porque quieres ser candidato\u201d.<\/p>\n<p style=\"text-align: justify;\">El gobernador de Florida culp\u00f3 a los c\u00e1rteles de M\u00e9xico por el trasiego de fentanilo a EU y asever\u00f3 que \u201cnecesitan rendir cuentas\u201d.<\/p>\n<p style=\"text-align: justify;\">\u201cNo podemos simplemente permitir que nuestra gente muera\u201d, agreg\u00f3.<\/p>\n<p style=\"text-align: justify;\">Por otro lado, el mandatario se pronunci\u00f3 contra el plan propuesto por el gobierno de Joe Biden para dar libertad condicional a algunos migrantes que sean detenidos por la Patrulla Fronteriza. La medida fue bloqueada ayer por T. Kent Wetherell II, juez federal de Estados Unidos.<\/p>\n<p style=\"text-align: justify;\">El plan de la administraci\u00f3n de Biden pretend\u00eda evitar una saturaci\u00f3n en los centros de reclusi\u00f3n de la Oficina de Aduanas y Protecci\u00f3n Fronteriza de los Estados Unidos (Patrulla Fronteriza). La medida fue anunciada el 10 de mayo, previo al fin del T\u00edtulo 42.<\/p>\n<p style=\"text-align: justify;\"><em>) S\u00edguenos en nuestra p\u00e1gina Facebook.com\/<a href=\"https:\/\/www.facebook.com\/acapulcopress.news\" target=\"_blank\" rel=\"noopener\">acapulcopress.news<\/a><\/em><\/p>\n","protected":false},"excerpt":{"rendered":"<p>FLORIDA * 12 de mayo de 2023. ) Efe \/ LatinUS El gobernador de Florida, el republicano Ron DeSantis, respondi\u00f3 este viernes a las cr\u00edticas contra su pol\u00edtica antimigratoria proferidas por el presidente de M\u00e9xico, Andr\u00e9s Manuel L\u00f3pez Obrador. \u201cTienes al presidente mexicano (L\u00f3pez Obrador) que est\u00e1 criticando a Florida por promulgar leyes contra la&#8230;<\/p>\n","protected":false},"author":2,"featured_media":1253537,"comment_status":"closed","ping_status":"closed","sticky":false,"template":"","format":"standard","meta":{"footnotes":""},"categories":[1997],"tags":[3896,5320,15784],"class_list":["post-1253536","post","type-post","status-publish","format-standard","has-post-thumbnail","hentry","category-noticias-destacadas","tag-andres-manuel-lopez-obrador","tag-carteles-de-mexico","tag-ron-desantis"],"_links":{"self":[{"href":"https:\/\/www.acapulcopress.com\/index.php\/wp-json\/wp\/v2\/posts\/1253536","targetHints":{"allow":["GET"]}}],"collection":[{"href":"https:\/\/www.acapulcopress.com\/index.php\/wp-json\/wp\/v2\/posts"}],"about":[{"href":"https:\/\/www.acapulcopress.com\/index.php\/wp-json\/wp\/v2\/types\/post"}],"author":[{"embeddable":true,"href":"https:\/\/www.acapulcopress.com\/index.php\/wp-json\/wp\/v2\/users\/2"}],"replies":[{"embeddable":true,"href":"https:\/\/www.acapulcopress.com\/index.php\/wp-json\/wp\/v2\/comments?post=1253536"}],"version-history":[{"count":0,"href":"https:\/\/www.acapulcopress.com\/index.php\/wp-json\/wp\/v2\/posts\/1253536\/revisions"}],"wp:featuredmedia":[{"embeddable":true,"href":"https:\/\/www.acapulcopress.com\/index.php\/wp-json\/"}],"wp:attachment":[{"href":"https:\/\/www.acapulcopress.com\/index.php\/wp-json\/wp\/v2\/media?parent=1253536"}],"wp:term":[{"taxonomy":"category","embeddable":true,"href":"https:\/\/www.acapulcopress.com\/index.php\/wp-json\/wp\/v2\/categories?post=1253536"},{"taxonomy":"post_tag","embeddable":true,"href":"https:\/\/www.acapulcopress.com\/index.php\/wp-json\/wp\/v2\/tags?post=1253536"}],"curies":[{"name":"wp","href":"https:\/\/api.w.org\/{rel}","templated":true}]}}