{"id":1253593,"date":"2023-05-15T21:17:40","date_gmt":"2023-05-16T02:17:40","guid":{"rendered":"https:\/\/www.acapulcopress.com\/?p=1253593"},"modified":"2023-05-15T21:17:40","modified_gmt":"2023-05-16T02:17:40","slug":"la-4t-ni-se-ve-ni-se-percibe-cuauhtemoc-cardenas","status":"publish","type":"post","link":"https:\/\/www.acapulcopress.com\/index.php\/2023\/05\/15\/la-4t-ni-se-ve-ni-se-percibe-cuauhtemoc-cardenas\/","title":{"rendered":"La 4T ni se ve, ni se percibe | Cuauht\u00e9moc C\u00e1rdenas"},"content":{"rendered":"<p style=\"text-align: justify;\">CIUDAD DE M\u00c9XICO * 15 de mayo de 2023.<br \/>\n<em>) <a href=\"https:\/\/latinus.us\/2023\/05\/15\/no-ve-4t-aumentado-pobreza-cuauhtemoc-cardenas-excandidato-presidencial\/\" target=\"_blank\" rel=\"noopener\">LatinUs <\/a><br \/>\n<\/em>Fernando del Collado conversa con Cuauht\u00e9moc C\u00e1rdenas, excandidato presidencial, quien expresa su preocupaci\u00f3n sobre las condiciones econ\u00f3micas de los mexicanos en el gobierno del presidente Andr\u00e9s Manuel L\u00f3pez Obrador: \u201cNo se ve una Cuarta Transformaci\u00f3n cuando ha aumentado la pobreza\u201d. Amigo y fundador del PRD, C\u00e1rdenas admite estar inconforme con el rezago econ\u00f3mico y la manera como se combate la inseguridad en M\u00e9xico. Adem\u00e1s, afirma que en 2024 es necesario crear un impulso colectivo para recuperar el pa\u00eds.<\/p>\n<p><iframe loading=\"lazy\" title=\"Tragaluz con Cuauht\u00e9moc C\u00e1rdenas, excandidato presidencial\" width=\"1160\" height=\"653\" src=\"https:\/\/www.youtube.com\/embed\/9V_zG2Tgf_o?feature=oembed\" frameborder=\"0\" allow=\"accelerometer; autoplay; clipboard-write; encrypted-media; gyroscope; picture-in-picture; web-share\" referrerpolicy=\"strict-origin-when-cross-origin\" allowfullscreen><\/iframe><\/p>\n<p><em>) S\u00edguenos en nuestra p\u00e1gina Facebook.com\/acapulcopress.news<\/em><\/p>\n","protected":false},"excerpt":{"rendered":"<p>CIUDAD DE M\u00c9XICO * 15 de mayo de 2023. ) LatinUs Fernando del Collado conversa con Cuauht\u00e9moc C\u00e1rdenas, excandidato presidencial, quien expresa su preocupaci\u00f3n sobre las condiciones econ\u00f3micas de los mexicanos en el gobierno del presidente Andr\u00e9s Manuel L\u00f3pez Obrador: \u201cNo se ve una Cuarta Transformaci\u00f3n cuando ha aumentado la pobreza\u201d. Amigo y fundador del&#8230;<\/p>\n","protected":false},"author":2,"featured_media":1253594,"comment_status":"closed","ping_status":"closed","sticky":false,"template":"","format":"standard","meta":{"footnotes":""},"categories":[1997],"tags":[2581,3793,6819],"class_list":["post-1253593","post","type-post","status-publish","format-standard","has-post-thumbnail","hentry","category-noticias-destacadas","tag-4t","tag-amlo","tag-cuauhtemoc-cardenas-solorzano"],"_links":{"self":[{"href":"https:\/\/www.acapulcopress.com\/index.php\/wp-json\/wp\/v2\/posts\/1253593","targetHints":{"allow":["GET"]}}],"collection":[{"href":"https:\/\/www.acapulcopress.com\/index.php\/wp-json\/wp\/v2\/posts"}],"about":[{"href":"https:\/\/www.acapulcopress.com\/index.php\/wp-json\/wp\/v2\/types\/post"}],"author":[{"embeddable":true,"href":"https:\/\/www.acapulcopress.com\/index.php\/wp-json\/wp\/v2\/users\/2"}],"replies":[{"embeddable":true,"href":"https:\/\/www.acapulcopress.com\/index.php\/wp-json\/wp\/v2\/comments?post=1253593"}],"version-history":[{"count":0,"href":"https:\/\/www.acapulcopress.com\/index.php\/wp-json\/wp\/v2\/posts\/1253593\/revisions"}],"wp:featuredmedia":[{"embeddable":true,"href":"https:\/\/www.acapulcopress.com\/index.php\/wp-json\/"}],"wp:attachment":[{"href":"https:\/\/www.acapulcopress.com\/index.php\/wp-json\/wp\/v2\/media?parent=1253593"}],"wp:term":[{"taxonomy":"category","embeddable":true,"href":"https:\/\/www.acapulcopress.com\/index.php\/wp-json\/wp\/v2\/categories?post=1253593"},{"taxonomy":"post_tag","embeddable":true,"href":"https:\/\/www.acapulcopress.com\/index.php\/wp-json\/wp\/v2\/tags?post=1253593"}],"curies":[{"name":"wp","href":"https:\/\/api.w.org\/{rel}","templated":true}]}}