{"id":1253606,"date":"2023-05-16T20:56:46","date_gmt":"2023-05-17T01:56:46","guid":{"rendered":"https:\/\/www.acapulcopress.com\/?p=1253606"},"modified":"2023-05-16T20:56:46","modified_gmt":"2023-05-17T01:56:46","slug":"mc-acapulco-por-la-ruta-correcta","status":"publish","type":"post","link":"https:\/\/www.acapulcopress.com\/index.php\/2023\/05\/16\/mc-acapulco-por-la-ruta-correcta\/","title":{"rendered":"MC Acapulco | \u00bfPor la ruta correcta?"},"content":{"rendered":"<p style=\"text-align: justify;\"><strong>E d i t o r i a l<\/strong><\/p>\n<p style=\"text-align: justify;\">Reza el credo nacional de <a href=\"https:\/\/www.facebook.com\/MovCiudadanoMX\" target=\"_blank\" rel=\"noopener\"><span class=\"xv78j7m\" spellcheck=\"false\">Movimiento Ciudadano<\/span><\/a> (MC) que trabaja \u00abpor un M\u00e9xico en paz, justo e igualitario\u00bb, por un M\u00e9xico libre de \u00abgobernantes que le han fallado a nuestro pa\u00eds\u00bb y que \u00abgobiernan con con las mismas malas pr\u00e1cticas\u00bb de antes y, principalmente, por un M\u00e9xico donde se respetan y garanticen los derechos humanos, piedra angular de la democracia.<\/p>\n<p style=\"text-align: justify;\">Mejor a\u00fan, Movimiento Ciudadano se describe como un organismo humanizado, que busca el acceso a la justicia de aquellos que han sido v\u00edctimas de violaciones de sus derechos humanos y a quienes se les deben reparar con justicia los da\u00f1os ocasionados por los transgresores de sus derechos.<\/p>\n<p style=\"text-align: justify;\">A grades rasgos, dice la declaratoria de MC en torno a los \u00abderechos humanos\u00bb que su consigna \u00abes convertir los principios y valores que enarbolamos, en derechos para los ciudadanos libres\u00bb.<\/p>\n<p style=\"text-align: justify;\">Ir\u00f3nicamente, el pasado 14 de abril, correspondi\u00f3 a <a href=\"https:\/\/www.facebook.com\/profile.php?id=100071108745439\" target=\"_blank\" rel=\"noopener\"><span class=\"xv78j7m\" spellcheck=\"false\">Alberto Mojica Mojica<\/span><\/a>, ex aspirante del Partido del Trabajo (PT) a alcalde de Acapulco en 2002, emitir una noticia desalentadora no para los militantes y simpatizantes de MC, sino para quienes han sido v\u00edctimas del pisoteo de sus derechos humanos por personas estrechamente vinculadas a Movimiento Ciudadanos que se les candidatea como senadores, diputados federales o posibles dirigentes municipales de ese partido, cuya franquicia local se acredita a\u00fan a <span class=\"xv78j7m\" spellcheck=\"false\">Luis Walton Aburto<\/span>, promotor presidencial del &#8216;Carnal&#8217; <span class=\"xv78j7m\" spellcheck=\"false\">Marcelo Ebrard<\/span>, actual secretario de Relaciones Exteriores de M\u00e9xico.<\/p>\n<p style=\"text-align: justify;\">El pie de foto donde aparecen el regidor ex petista y ahora <em>emecista<\/em> <a href=\"https:\/\/www.facebook.com\/GenaroVazquezF\" target=\"_blank\" rel=\"noopener\"><span class=\"xv78j7m\" spellcheck=\"false\">Genaro V\u00e1zquez Flores<\/span><\/a> y Alberto Mojica, quien se afili\u00f3 a <em><span class=\"xv78j7m\" spellcheck=\"false\">Movimiento Ciudadano Guerrero<\/span><\/em> el 16 de enero de este a\u00f1o, dice textualmente: \u00abCon mi regidor, mi amigo y pr\u00f3ximo l\u00edder de MC en Acapulco (cita el nombre), con quien (&#8230;) platicamos la ruta para seguir haciendo crecer la ola naranja en el Estado con nuestro l\u00edder <a href=\"https:\/\/www.facebook.com\/JulianLopezGaleanaMX\" target=\"_blank\" rel=\"noopener\"><span class=\"xv78j7m\" spellcheck=\"false\">Juli\u00e1n L\u00f3pez Galeana<\/span><\/a>, \u00a1y el Acapulco que anhelamos! Vamos muy bien, pero vienen tiempos mucho mejores. Que si, que no, \u00a1que c\u00f3mo chingados no!\u00bb<\/p>\n<p style=\"text-align: justify;\">La pregunta obligada, estrictamente period\u00edstica, para que no se confundan los t\u00e9rminos y contextos de la misma: \u00ab\u00bfSer\u00eda capaz MC de hacerse un &#8216;harakiri&#8217;, postulando a un transgresor de los derechos humanos y la libertad de expresi\u00f3n como aspirante a Senador, Diputado Federal o Coordinador Municipal de su partido en Acapulco?<\/p>\n<p style=\"text-align: justify;\">Actualmente el &#8216;candidato&#8217; del tambi\u00e9n conductor de noticias, Mojica Mojica, cuenta con dos quejas al hilo por violaci\u00f3n de los derechos humanos de al menos dos periodistas de Acapulco. Una de las quejas (<a href=\"http:\/\/www.cdheg.org\/files\/upload\/54ae0c9a405f463219bcb174e9ec1ea9.pdf\" target=\"_blank\" rel=\"noopener\">057\/2022<\/a>) ya fue investigada y resuelta por la Comisi\u00f3n de <span class=\"xv78j7m\" spellcheck=\"false\">Derechos Humanos Guerrero<\/span> a favor de uno de los quejosos, cuya recomendaci\u00f3n el neo &#8216;emecista&#8217; V\u00e1zquez Flores, junto con el Ayuntamiento de Acapulco, ha desacatado con evidente deliberancia, inveros\u00edmil sorna y aparente soberbia.<\/p>\n<p style=\"text-align: justify;\">Con un aspirante as\u00ed al Senado de la Rep\u00fablica, la C\u00e1mara de Diputados o como dirigente del &#8216;movimiento naranja&#8217; en Acapulco, \u00bfpodr\u00e1 jactarse MC de ser un partido garante de los derechos humanos? \u00bfD\u00f3nde quedar\u00eda la calidad moral de su dirigente estatal, Juli\u00e1n L\u00f3pez, si dejara en manos de un transgresor de los derechos humanos y la libertad de prensa la coordinaci\u00f3n municipal de Movimiento Ciudadano, el \u00fanico partido que pregona ser el aut\u00e9ntico vigilante de las garant\u00edas y derechos de los ciudadanos?<\/p>\n<p style=\"text-align: justify;\"><em>Sin da\u00f1os a terceros..<\/em><br \/>\n) <a href=\"https:\/\/www.facebook.com\/acapulcopress.news\" target=\"_blank\" rel=\"noopener\"><span class=\"xv78j7m\" spellcheck=\"false\">Acapulco Press<\/span><\/a><\/p>\n","protected":false},"excerpt":{"rendered":"<p>E d i t o r i a l Reza el credo nacional de Movimiento Ciudadano (MC) que trabaja \u00abpor un M\u00e9xico en paz, justo e igualitario\u00bb, por un M\u00e9xico libre de \u00abgobernantes que le han fallado a nuestro pa\u00eds\u00bb y que \u00abgobiernan con con las mismas malas pr\u00e1cticas\u00bb de antes y, principalmente, por un&#8230;<\/p>\n","protected":false},"author":2,"featured_media":1253602,"comment_status":"closed","ping_status":"closed","sticky":false,"template":"","format":"standard","meta":{"footnotes":""},"categories":[1997],"tags":[3467,9132],"class_list":["post-1253606","post","type-post","status-publish","format-standard","has-post-thumbnail","hentry","category-noticias-destacadas","tag-alberto-mojica-mojica","tag-genaro-vazquez-flores"],"_links":{"self":[{"href":"https:\/\/www.acapulcopress.com\/index.php\/wp-json\/wp\/v2\/posts\/1253606","targetHints":{"allow":["GET"]}}],"collection":[{"href":"https:\/\/www.acapulcopress.com\/index.php\/wp-json\/wp\/v2\/posts"}],"about":[{"href":"https:\/\/www.acapulcopress.com\/index.php\/wp-json\/wp\/v2\/types\/post"}],"author":[{"embeddable":true,"href":"https:\/\/www.acapulcopress.com\/index.php\/wp-json\/wp\/v2\/users\/2"}],"replies":[{"embeddable":true,"href":"https:\/\/www.acapulcopress.com\/index.php\/wp-json\/wp\/v2\/comments?post=1253606"}],"version-history":[{"count":0,"href":"https:\/\/www.acapulcopress.com\/index.php\/wp-json\/wp\/v2\/posts\/1253606\/revisions"}],"wp:featuredmedia":[{"embeddable":true,"href":"https:\/\/www.acapulcopress.com\/index.php\/wp-json\/"}],"wp:attachment":[{"href":"https:\/\/www.acapulcopress.com\/index.php\/wp-json\/wp\/v2\/media?parent=1253606"}],"wp:term":[{"taxonomy":"category","embeddable":true,"href":"https:\/\/www.acapulcopress.com\/index.php\/wp-json\/wp\/v2\/categories?post=1253606"},{"taxonomy":"post_tag","embeddable":true,"href":"https:\/\/www.acapulcopress.com\/index.php\/wp-json\/wp\/v2\/tags?post=1253606"}],"curies":[{"name":"wp","href":"https:\/\/api.w.org\/{rel}","templated":true}]}}