{"id":1253609,"date":"2023-05-16T21:56:56","date_gmt":"2023-05-17T02:56:56","guid":{"rendered":"https:\/\/www.acapulcopress.com\/?p=1253609"},"modified":"2023-05-16T21:56:56","modified_gmt":"2023-05-17T02:56:56","slug":"inauguran-el-centro-estatal-de-manejo-de-fuego-en-guerrero","status":"publish","type":"post","link":"https:\/\/www.acapulcopress.com\/index.php\/2023\/05\/16\/inauguran-el-centro-estatal-de-manejo-de-fuego-en-guerrero\/","title":{"rendered":"Inauguran el Centro Estatal de Manejo de Fuego en Guerrero"},"content":{"rendered":"<p style=\"text-align: justify;\">CHILPANCINGO * 16 de mayo de 2023.<br \/>\n<em>) Gobierno de Guerrero<\/em><br \/>\nEl gobierno de Guerrero en coordinaci\u00f3n con la Comisi\u00f3n Nacional Forestal y la Secretar\u00eda de la Defensa Nacional, pusieron en marcha las operaciones del Centro Estatal de Manejo <img loading=\"lazy\" decoding=\"async\" class=\"alignleft size-medium wp-image-1253610\" src=\"https:\/\/www.acapulcopress.com\/wp-content\/uploads\/2023\/05\/Centro-Estatal-de-Manejo-de-Fuego-375x211.jpg\" alt=\"\" width=\"375\" height=\"211\" \/>de Fuego y el Campamento respectivo con sede en esta ciudad, donde se encuentran de manera permanente personal operativo las 24 horas del d\u00eda para actuar en caso de alguna contingencia de incendios forestales.<\/p>\n<p style=\"text-align: justify;\">A la inauguraci\u00f3n asisti\u00f3 el secretario del Medio Ambiente y Recursos Naturales \u00c1ngel Almaz\u00e1n Ju\u00e1rez quien se\u00f1al\u00f3 la importancia de contar con herramientas modernas para el control del fuego que ha sido una problem\u00e1tica que se combate y atiende cada a\u00f1o y en la que existen p\u00e9rdidas significativas que afectan el medio ambiente, por lo que celebr\u00f3 la inauguraci\u00f3n de este centro de vigilancia y la coordinaci\u00f3n que existe entre los tres niveles de gobierno.<\/p>\n<p style=\"text-align: justify;\"><img loading=\"lazy\" decoding=\"async\" class=\"alignleft size-medium wp-image-1253612\" src=\"https:\/\/www.acapulcopress.com\/wp-content\/uploads\/2023\/05\/Centro-Estatal-de-Manejo-de-Fuego4-375x211.jpg\" alt=\"\" width=\"375\" height=\"211\" \/>Por su parte, la titular de la Promotor\u00eda estatal de la Conafor Guadalupe Rivas P\u00e9rez, explic\u00f3 que en este centro estatal se hace una vigilancia v\u00eda satelital en tiempo real de los incendios y a trav\u00e9s de la coordinaci\u00f3n con la Secretar\u00eda de Gesti\u00f3n Integral de Riesgos y los municipios, se corrobora y valora la intervenci\u00f3n o no de los grupos de combatientes, dependiendo del tipo de siniestro ya que algunas aletas rojas que se visualizan en el mapa, pueden ser quemas controladas hechas por los municipios.<\/p>\n<p>Agreg\u00f3 que adem\u00e1s del monitoreo, en este centro se hacen la toma de decisiones, la evaluaci\u00f3n del personal, la propuesta de inversi\u00f3n en el equipo para el personal, se definen los protocolos de actuaci\u00f3n entre otras actividades, todas en coordinaci\u00f3n con el Centro Nacional de Manejo de Fuego.<\/p>\n<p style=\"text-align: justify;\">Al evento acudieron los representantes de la Sedena, la secretar\u00eda general de Gobierno, de la Secretar\u00eda de Gesti\u00f3n de Riesgos y Protecci\u00f3n Civil, as\u00ed como personal que opera las oficinas quienes se van rotando para que existan personal monitoreando de manera ininterrumpida para atender estos casos, todo a trav\u00e9s de la coordinaci\u00f3n entre todas las instituciones que integran\u00a0el\u00a0sistema.<\/p>\n<p style=\"text-align: justify;\"><em>) S\u00edguenos en nuestra p\u00e1gina Facebook.com\/<a href=\"https:\/\/www.facebook.com\/acapulcopress.news\" target=\"_blank\" rel=\"noopener\">acapulcopress.news<\/a><\/em><\/p>\n","protected":false},"excerpt":{"rendered":"<p>CHILPANCINGO * 16 de mayo de 2023. ) Gobierno de Guerrero El gobierno de Guerrero en coordinaci\u00f3n con la Comisi\u00f3n Nacional Forestal y la Secretar\u00eda de la Defensa Nacional, pusieron en marcha las operaciones del Centro Estatal de Manejo de Fuego y el Campamento respectivo con sede en esta ciudad, donde se encuentran de manera&#8230;<\/p>\n","protected":false},"author":2,"featured_media":1253611,"comment_status":"closed","ping_status":"closed","sticky":false,"template":"","format":"standard","meta":{"footnotes":""},"categories":[1969,1972,1998],"tags":[5547,9264],"class_list":["post-1253609","post","type-post","status-publish","format-standard","has-post-thumbnail","hentry","category-trending","category-special","category-proteccion-ciudadana","tag-centro-estatal-de-manejo-de-fuego-guerrero","tag-gobieno-de-guerrero"],"_links":{"self":[{"href":"https:\/\/www.acapulcopress.com\/index.php\/wp-json\/wp\/v2\/posts\/1253609","targetHints":{"allow":["GET"]}}],"collection":[{"href":"https:\/\/www.acapulcopress.com\/index.php\/wp-json\/wp\/v2\/posts"}],"about":[{"href":"https:\/\/www.acapulcopress.com\/index.php\/wp-json\/wp\/v2\/types\/post"}],"author":[{"embeddable":true,"href":"https:\/\/www.acapulcopress.com\/index.php\/wp-json\/wp\/v2\/users\/2"}],"replies":[{"embeddable":true,"href":"https:\/\/www.acapulcopress.com\/index.php\/wp-json\/wp\/v2\/comments?post=1253609"}],"version-history":[{"count":0,"href":"https:\/\/www.acapulcopress.com\/index.php\/wp-json\/wp\/v2\/posts\/1253609\/revisions"}],"wp:featuredmedia":[{"embeddable":true,"href":"https:\/\/www.acapulcopress.com\/index.php\/wp-json\/"}],"wp:attachment":[{"href":"https:\/\/www.acapulcopress.com\/index.php\/wp-json\/wp\/v2\/media?parent=1253609"}],"wp:term":[{"taxonomy":"category","embeddable":true,"href":"https:\/\/www.acapulcopress.com\/index.php\/wp-json\/wp\/v2\/categories?post=1253609"},{"taxonomy":"post_tag","embeddable":true,"href":"https:\/\/www.acapulcopress.com\/index.php\/wp-json\/wp\/v2\/tags?post=1253609"}],"curies":[{"name":"wp","href":"https:\/\/api.w.org\/{rel}","templated":true}]}}