{"id":1253615,"date":"2023-05-16T22:41:01","date_gmt":"2023-05-17T03:41:01","guid":{"rendered":"https:\/\/www.acapulcopress.com\/?p=1253615"},"modified":"2023-05-16T22:41:01","modified_gmt":"2023-05-17T03:41:01","slug":"en-guerrero-existe-una-transformacion-real-no-una-simulada-evelyn-salgado","status":"publish","type":"post","link":"https:\/\/www.acapulcopress.com\/index.php\/2023\/05\/16\/en-guerrero-existe-una-transformacion-real-no-una-simulada-evelyn-salgado\/","title":{"rendered":"En Guerrero existe una transformaci\u00f3n real, no una simulada |  Evelyn Salgado"},"content":{"rendered":"<p style=\"text-align: justify;\">EDUARDO NERI * 16 de mayo de 2023.<br \/>\n<em>) Gobierno de Guerrero<br \/>\n<\/em> <img loading=\"lazy\" decoding=\"async\" class=\"alignleft size-medium wp-image-1253627\" src=\"https:\/\/www.acapulcopress.com\/wp-content\/uploads\/2023\/05\/ESP.NERI12-375x562.jpg\" alt=\"\" width=\"375\" height=\"562\" \/>La gobernadora <a href=\"https:\/\/www.facebook.com\/EvelynSalgadoP\" target=\"_blank\" rel=\"noopener\">Evelyn Salgado Pineda<\/a> visit\u00f3 la localidad de Huitziltepec donde inaugur\u00f3 la rehabilitaci\u00f3n de la planta tratadora de aguas residuales, obra que se encontraba abandonada desde hace m\u00e1s de 10 a\u00f1os y que hoy se puso en marcha con una inversi\u00f3n superior a los 7 millones de pesos con recursos propios del estado, beneficiando a m\u00e1s de 4 mil 500 habitantes de esta comunidad ind\u00edgena de la zona centro de Guerrero.<\/p>\n<p style=\"text-align: justify;\">\u00abHoy corren los vientos de la cuarta transformaci\u00f3n aqu\u00ed en Huitziltepec, una transformaci\u00f3n real y no una transformaci\u00f3n simulada; hechos no palabras, nuestro pueblo necesita menos discursos y m\u00e1s recursos, por eso invertimos en esta comunidad maravillosa con todo el coraz\u00f3n y amor\u00bb, expres\u00f3 Evelyn Salgado al pueblo de esta comunidad.<\/p>\n<p style=\"text-align: justify;\">Al poner en marcha esta obra de infraestructura sanitaria, la mandataria estatal refiri\u00f3 que fue un compromiso que hizo con la comunidad dado a la fuga de aguas negras originado por el colapso del sistema de drenaje, lo que causaba una serie de enfermedades en la poblaci\u00f3n, por lo que con esta acci\u00f3n de gobierno se soluciona esta problem\u00e1tica <img loading=\"lazy\" decoding=\"async\" class=\"alignleft size-medium wp-image-1253632\" src=\"https:\/\/www.acapulcopress.com\/wp-content\/uploads\/2023\/05\/ESP.NERI17-375x250.jpg\" alt=\"\" width=\"375\" height=\"250\" \/>garantizando un servicio b\u00e1sico hidr\u00e1ulico a la poblaci\u00f3n.<\/p>\n<p style=\"text-align: justify;\">En su mensaje la gobernadora Evelyn Salgado adelant\u00f3 que hay avances en la gesti\u00f3n de un programa de pavimentaci\u00f3n para los caminos en La Sierra, adem\u00e1s indic\u00f3 que pr\u00f3ximamente se espera la visita del Presidente Andr\u00e9s Manuel L\u00f3pez Obrador a Guerrero.<\/p>\n<p style=\"text-align: justify;\">En la explicaci\u00f3n t\u00e9cnica de la obra, el director de la Comisi\u00f3n de Agua Potable, Alcantarillado y Saneamiento del estado de Guerrero, Facundo Gast\u00e9lum F\u00e9lix, se\u00f1al\u00f3 que se logr\u00f3 rehabilitar esta planta tratadora de aguas residuales atendiendo una urgente para la poblaci\u00f3n de Huitziltepec por el excesivo derrame de aguas negras en la v\u00eda p\u00fablica de esta comunidad.<\/p>\n<p style=\"text-align: justify;\"><img loading=\"lazy\" decoding=\"async\" class=\"alignleft size-medium wp-image-1253629\" src=\"https:\/\/www.acapulcopress.com\/wp-content\/uploads\/2023\/05\/ESP.NERI14-375x250.jpg\" alt=\"\" width=\"375\" height=\"250\" \/>El funcionario estatal, dijo que gracias a la buena administraci\u00f3n de los recursos p\u00fablicos con austeridad y combate a la corrupci\u00f3n, se invirtieron m\u00e1s de 7 millones de pesos con recursos propios del estado consistente en la rehabilitaci\u00f3n, modernizaci\u00f3n y puesta en marcha de esta planta de tratamiento de aguas residuales para el uso agr\u00edcola.<\/p>\n<p style=\"text-align: justify;\">Dijo que esta planta sustentable cuenta con un sistema fotovoltaico amigable con el medio ambiente, reduciendo el consumo de energ\u00eda el\u00e9ctrica contribuyendo a su operaci\u00f3n a lo largo del tiempo en beneficio directo de los m\u00e1s de 4 mil 500 habitantes de Huitziltepec.<\/p>\n<p style=\"text-align: justify;\">Estuvieron presentes la alcaldesa de Eduardo Neri, Sara Salinas Bravo; el senador Felix Salgado Macedonio; el diputado local por el distrito 19 Olaguer Hern\u00e1ndez Flores, as\u00ed como la comisaria municipal Elizabeth Reina Rivera, as\u00ed como el comisariado de bienes comunales de Huitziltepec, Francisco Garc\u00eda, adem\u00e1s de alumnos de diversas instituciones y habitantes de\u00a0esta\u00a0localidad.<\/p>\n<p><img loading=\"lazy\" decoding=\"async\" class=\"alignnone wp-image-1253624 size-large\" src=\"https:\/\/www.acapulcopress.com\/wp-content\/uploads\/2023\/05\/ESP.NERI9_-840x560.jpg\" alt=\"\" width=\"696\" height=\"464\" \/><\/p>\n<p style=\"text-align: justify;\"><em>) S\u00edguenos en nuestra p\u00e1gina Facebook.com\/<a href=\"https:\/\/www.facebook.com\/acapulcopress.news\" target=\"_blank\" rel=\"noopener\">acapulcopress.news<\/a><\/em><\/p>\n","protected":false},"excerpt":{"rendered":"<p>EDUARDO NERI * 16 de mayo de 2023. ) Gobierno de Guerrero La gobernadora Evelyn Salgado Pineda visit\u00f3 la localidad de Huitziltepec donde inaugur\u00f3 la rehabilitaci\u00f3n de la planta tratadora de aguas residuales, obra que se encontraba abandonada desde hace m\u00e1s de 10 a\u00f1os y que hoy se puso en marcha con una inversi\u00f3n superior&#8230;<\/p>\n","protected":false},"author":2,"featured_media":1253621,"comment_status":"closed","ping_status":"closed","sticky":false,"template":"","format":"standard","meta":{"footnotes":""},"categories":[1972,1983,18561],"tags":[8251],"class_list":["post-1253615","post","type-post","status-publish","format-standard","has-post-thumbnail","hentry","category-special","category-guerrerogob","category-society-politics","tag-evelyn-salgado-pineda"],"_links":{"self":[{"href":"https:\/\/www.acapulcopress.com\/index.php\/wp-json\/wp\/v2\/posts\/1253615","targetHints":{"allow":["GET"]}}],"collection":[{"href":"https:\/\/www.acapulcopress.com\/index.php\/wp-json\/wp\/v2\/posts"}],"about":[{"href":"https:\/\/www.acapulcopress.com\/index.php\/wp-json\/wp\/v2\/types\/post"}],"author":[{"embeddable":true,"href":"https:\/\/www.acapulcopress.com\/index.php\/wp-json\/wp\/v2\/users\/2"}],"replies":[{"embeddable":true,"href":"https:\/\/www.acapulcopress.com\/index.php\/wp-json\/wp\/v2\/comments?post=1253615"}],"version-history":[{"count":0,"href":"https:\/\/www.acapulcopress.com\/index.php\/wp-json\/wp\/v2\/posts\/1253615\/revisions"}],"wp:featuredmedia":[{"embeddable":true,"href":"https:\/\/www.acapulcopress.com\/index.php\/wp-json\/"}],"wp:attachment":[{"href":"https:\/\/www.acapulcopress.com\/index.php\/wp-json\/wp\/v2\/media?parent=1253615"}],"wp:term":[{"taxonomy":"category","embeddable":true,"href":"https:\/\/www.acapulcopress.com\/index.php\/wp-json\/wp\/v2\/categories?post=1253615"},{"taxonomy":"post_tag","embeddable":true,"href":"https:\/\/www.acapulcopress.com\/index.php\/wp-json\/wp\/v2\/tags?post=1253615"}],"curies":[{"name":"wp","href":"https:\/\/api.w.org\/{rel}","templated":true}]}}