{"id":1253636,"date":"2023-05-16T23:17:31","date_gmt":"2023-05-17T04:17:31","guid":{"rendered":"https:\/\/www.acapulcopress.com\/?p=1253636"},"modified":"2023-05-16T23:17:31","modified_gmt":"2023-05-17T04:17:31","slug":"zury-rios-exige-a-amlo-no-injerir-en-asuntos-internos-de-guatemala","status":"publish","type":"post","link":"https:\/\/www.acapulcopress.com\/index.php\/2023\/05\/16\/zury-rios-exige-a-amlo-no-injerir-en-asuntos-internos-de-guatemala\/","title":{"rendered":"Zury R\u00edos exige a AMLO no injerir en asuntos internos de Guatemala"},"content":{"rendered":"<p style=\"text-align: justify;\">GUATEMALA * 16 de mayo de 2023.<br \/>\n<em>) <a href=\"https:\/\/www.m-x.com.mx\/al-dia\/injerencismo-obradorista-irrita-a-guatemala-y-peru-mientras-ebrard-anda-en-campana\" target=\"_blank\" rel=\"noopener\">Eme | Equis<\/a><\/em><br \/>\nEn menos de 24 horas, representantes de los gobiernos de Guatemala y de Per\u00fa condenaron la pol\u00edtica injerencista del gobierno de <a href=\"https:\/\/www.facebook.com\/lopezobrador.org.mx\" target=\"_blank\" rel=\"noopener\">Andr\u00e9s Manuel L\u00f3pez Obrador<\/a> en sus respectivas naciones.<\/p>\n<p style=\"text-align: justify;\">La vicepresidenta del Congreso de Guatemala y aspirante a candidata presidencial, <a href=\"https:\/\/www.facebook.com\/zury.rios\" target=\"_blank\" rel=\"noopener\">Zury R\u00edos<\/a>, conden\u00f3 ayer la solicitud del gobierno de AMLO de indultar al convicto guatemalteco C\u00e9sar Montes, condenado por asesinar a tres militares.<\/p>\n<p style=\"text-align: justify;\">R\u00edos calific\u00f3 el \u201cintervencionismo\u201d del mandatario mexicano como \u201cun insulto\u201d, y reiter\u00f3 que en su pa\u00eds \u201cno habr\u00e1 abrazos para los delincuentes\u201d, en alusi\u00f3n a la pol\u00edtica ante el crimen ejercida por el tabasque\u00f1o, bajo la consigna de \u201cabrazos, no balazos\u201d.<\/p>\n<p style=\"text-align: justify;\">Por su parte, la canciller peruana, Ana Cecilia Gervasi, expres\u00f3 en un mensaje videograbado \u201csu m\u00e1s categ\u00f3rico rechazo a las recientes y reiteradas declaraciones injerencistas, irresponsables e ideologizadas de los se\u00f1ores Petro, de Colombia, y L\u00f3pez, de M\u00e9xico\u201d.<\/p>\n<p style=\"text-align: justify;\">AMLO ha insistido en desconocer el gobierno constitucional de Dina Boluarte, lo que llev\u00f3 al rompimiento de relaciones diplom\u00e1ticas del Per\u00fa con nuestro pa\u00eds. Por la misma postura, el hijo predilecto de Macuspana se ha negado tambi\u00e9n a transferir la Presidencia pro t\u00e9mpore de la Alianza del Pac\u00edfico a Per\u00fa, a quien correspond\u00eda.<\/p>\n<p style=\"text-align: justify;\">Gervasi consider\u00f3 que la retenci\u00f3n del cargo por parte de L\u00f3pez Obrador \u201ces una manifestaci\u00f3n del nivel de negligencia con el que orienta sus acciones (&#8230;) constituye el incumplimiento de una obligaci\u00f3n internacional por parte de M\u00e9xico que puede conllevar a responsabilidad internacional para dicho estado\u201d.<\/p>\n<p style=\"text-align: justify;\">Otro gobierno de Latinoam\u00e9rica que en fechas recientes se ha confrontado con el gobierno de L\u00f3pez Obrador es el de Nayib Bukele, de El Salvador. Apenas el mes pasado, una omisi\u00f3n en cuidados de la estaci\u00f3n migratoria de Ciudad Ju\u00e1rez propici\u00f3 la muerte de 40 migrantes en un incendio.<\/p>\n<p style=\"text-align: justify;\">Ya de tiempo atr\u00e1s, Bukele, quien recibi\u00f3 recursos del gobierno de AMLO a trav\u00e9s del programa Sembrando Vida, ha criticado a la administraci\u00f3n del tabasque\u00f1o. En 2020, Bukele pidi\u00f3 al gobierno de AMLO que fuera responsable ante la pandemia de Covid 19, luego que 12 pasajeros contagiados de un vuelo proveniente de nuestro pa\u00eds llegara a San Salvador.<\/p>\n<p style=\"text-align: justify;\">La viceministra de Di\u00e1spora y Movilidad de la Canciller\u00eda de El Salvador, Cindy Portal, dijo recientemente que su gobierno exige la renuncia de los responsables de las pol\u00edticas migratorias de M\u00e9xico, tras la muerte de salvadore\u00f1os en el incendio de la estaci\u00f3n migratoria.<\/p>\n<p style=\"text-align: justify;\">\u201cSobre todo, estamos exigiendo tambi\u00e9n la renuncia de las personas que son responsables de la pol\u00edtica migratoria de M\u00e9xico\u201d.<\/p>\n<p style=\"text-align: justify;\">Y mientras en Latinoam\u00e9rica se incrementa el descontento contra el gobierno obradorista, el canciller Marcelo Ebrard despliega una intensa actividad proselitista en busca de \u201cpiso parejo\u201d en el proceso de selecci\u00f3n de candidatos de Morena a la presidencia.<\/p>\n<p style=\"text-align: justify;\">Una situaci\u00f3n semejante a la de la jefa de Gobierno de la Ciudad de M\u00e9xico, Claudia Sheinbaum, quien viaja por la Rep\u00fablica promocionando su imagen, mientras el Metro tiene accidentes cada vez m\u00e1s frecuentes.<\/p>\n<p style=\"text-align: justify;\"><strong>EN GUATEMALA \u201cNO HABR\u00c1 ABRAZOS PARA DELINCUENTES\u201d: ZURY<\/strong><\/p>\n<div style=\"width: 1160px;\" class=\"wp-video\"><video class=\"wp-video-shortcode\" id=\"video-1253636-1\" width=\"1160\" height=\"611\" preload=\"metadata\" controls=\"controls\"><source type=\"video\/mp4\" src=\"https:\/\/www.acapulcopress.com\/wp-content\/uploads\/2023\/05\/Zury-Rios-Vs-AMLO.mp4?_=1\" \/><a href=\"https:\/\/www.acapulcopress.com\/wp-content\/uploads\/2023\/05\/Zury-Rios-Vs-AMLO.mp4\">https:\/\/www.acapulcopress.com\/wp-content\/uploads\/2023\/05\/Zury-Rios-Vs-AMLO.mp4<\/a><\/video><\/div>\n<p style=\"text-align: justify;\"><strong>\u00a0<\/strong>Fue uno de los reporteros favoritos de la Presidencia de M\u00e9xico, de los que asisten a las conferencias matutinas del tabasque\u00f1o, quien ayer hizo una apolog\u00eda y defensa del convicto guatemalteco y puso al tema a L\u00f3pez Obrador para que este pudiera abordarlo.<\/p>\n<p style=\"text-align: justify;\">\u201cEs un dirigente que est\u00e1 acusado de algunos delitos, est\u00e1 preso, ya es una persona mayor, y s\u00ed se est\u00e1 buscando con Guatemala ver la posibilidad de que se le indulte y que se venga a M\u00e9xico, que se le de asilo en nuestro pa\u00eds, ya lo estamos viendo\u201d.<\/p>\n<p style=\"text-align: justify;\">Zury R\u00edos, vicepresidenta del Congreso de Guatemala, respondi\u00f3 en un videomensaje:<\/p>\n<p style=\"text-align: justify;\">\u201cPresidente Manuel L\u00f3pez Obrador: C\u00e9sar Montes es un guerrillero terrorista y asesino convicto, que ejecut\u00f3 vilmente a tres de nuestros valientes soldados. Su intervenci\u00f3n buscando clemencia para este criminal es un insulto para los guatemaltecos que anhelamos la paz. En nuestro gobierno no habr\u00e1 abrazos para los delincuentes, habr\u00e1 seguridad y justicia para nuestros ciudadanos. En Guatemala decidimos los guatemaltecos y nadie m\u00e1s\u201d.<\/p>\n<p style=\"text-align: justify;\">Luego poste\u00f3 la grabaci\u00f3n con el comentario: \u201cSu intervenci\u00f3n buscando clemencia para C\u00e9sar Montes, un asesino, es un insulto para quienes anhelamos la paz. En Guatemala decidimos los guatemaltecos\u201d.<\/p>\n<p style=\"text-align: justify;\"><strong>\u201cNEGLIGENCIA ORIENTA ACCIONES DEL SE\u00d1OR L\u00d3PEZ\u201d: GERVASI<\/strong><\/p>\n<div style=\"width: 426px;\" class=\"wp-video\"><video class=\"wp-video-shortcode\" id=\"video-1253636-2\" width=\"426\" height=\"240\" preload=\"metadata\" controls=\"controls\"><source type=\"video\/mp4\" src=\"https:\/\/www.acapulcopress.com\/wp-content\/uploads\/2023\/05\/Ana-Cecilia-Gervasi.mp4?_=2\" \/><a href=\"https:\/\/www.acapulcopress.com\/wp-content\/uploads\/2023\/05\/Ana-Cecilia-Gervasi.mp4\">https:\/\/www.acapulcopress.com\/wp-content\/uploads\/2023\/05\/Ana-Cecilia-Gervasi.mp4<\/a><\/video><\/div>\n<p style=\"text-align: justify;\"><strong><br \/>\n<\/strong>Ana Cecilia Gervasi, canciller del gobierno de Per\u00fa, conden\u00f3 ayer en una videograbaci\u00f3n el intervencionismo del presidente mexicano, en el que se\u00f1al\u00f3:<\/p>\n<p style=\"text-align: justify;\">\u201cEl Ministerio de Relaciones Exteriores del Per\u00fa expresa su m\u00e1s categ\u00f3rico rechazo a las recientes y reiteradas declaraciones injerencistas, irresponsables e ideologizadas de los se\u00f1ores Petro, de Colombia, y L\u00f3pez, de M\u00e9xico, quienes insisten en desconocer el golpe de Estado perpetrado por el expresidente Pedro Castillo el 7 de diciembre de 2022 y la sucesi\u00f3n leg\u00edtima y constitucional de la se\u00f1ora presidenta de la Rep\u00fablica, Dina Boluarte Zegarra, que ha sido reconocida ampliamente por la comunidad internacional\u201d.<\/p>\n<p style=\"text-align: justify;\">Se\u00f1al\u00f3: \u201cEsta posici\u00f3n evidencia una vez m\u00e1s su actitud contraria a los principios y valores que rigen la convivencia democr\u00e1tica en la regi\u00f3n plasmados en la Carta de la Organizaci\u00f3n de los Estados Americanos y en la Carta Democr\u00e1tica Interamericana, en particular en lo relativo a la defensa de la democracia, que constituye una obligaci\u00f3n que compromete a todos nuestros estados\u201d.<\/p>\n<p style=\"text-align: justify;\">Tambi\u00e9n dijo que dicha postura del presidente mexicano \u201cmuestra un evidente inter\u00e9s de tergiversar la realidad con el aparente fin de ocultar los problemas internos de gobernabilidad que ambos se enfrentan en sus respectivos pa\u00edses. Las referencias particulares del se\u00f1or Petro sobre la fiscal de la naci\u00f3n del Per\u00fa adem\u00e1s de faltar a la verdad son una clara demostraci\u00f3n de su no reconocimiento a la independencia y autonom\u00eda constitucional que tiene las fiscal\u00edas en el marco de un sistema democr\u00e1tico\u201d.<\/p>\n<p style=\"text-align: justify;\">La canciller peruana consider\u00f3 que la negativa del tabasque\u00f1o de transferir la presidencia de la Alianza del Pac\u00edfico es una expresi\u00f3n del talante negligente del tabasque\u00f1o que podr\u00eda tener consecuencias en t\u00e9rminos de responsabilidades internacionales:<\/p>\n<p style=\"text-align: justify;\">\u201cLa posici\u00f3n asumida por el se\u00f1or L\u00f3pez de no entregar la presidencia de la Alianza del Pac\u00edfico al Per\u00fa, es una manifestaci\u00f3n del nivel de negligencia con el que orienta sus acciones en el \u00e1mbito exterior, que afecta al proceso de integraci\u00f3n m\u00e1s exitoso de los \u00faltimos tiempos, y peor a\u00fan a las necesidades de su poblaci\u00f3n\u201d.<\/p>\n<p style=\"text-align: justify;\">Insisti\u00f3 en que \u201clos argumentos aludidos hoy por el se\u00f1or L\u00f3pez para no entregar la presidencia de la Alianza del Pac\u00edfico que le corresponde a nuestro pa\u00eds muestran insensatez y una visi\u00f3n sesgada que no se condicen con el reconocimiento del mandato constitucional de la se\u00f1ora presidenta de la rep\u00fablica, ratificado por la comunidad internacional en su conjunto\u201d.<\/p>\n<p style=\"text-align: justify;\">Y dijo: \u201cEl se\u00f1or L\u00f3pez ha decidido obstaculizar y detener las labores de la Alianza del Pac\u00edfico en lugar de permitir que los Estados miembros que desean permanecer en ella avancen conjuntamente con los pa\u00edses candidatos a integrarla, y los estados asociados y observadores, en el fortalecimiento del bloque\u201d.<\/p>\n<p style=\"text-align: justify;\">Agreg\u00f3 que \u201cel se\u00f1or L\u00f3pez es el \u00fanico responsable de la paralizaci\u00f3n de la Alianza del Pac\u00edfico y de las consecuencias que ello generar\u00e1 para los pueblos. Los pa\u00edses que no deseen trabajar en el marco de la alianza deben considerar suspender su participaci\u00f3n en este mecanismo, permitiendo as\u00ed que el mismo contin\u00fae avanzando con aquellos que nos encontramos comprometidos con sus principios y objetivos fundacionales\u201d.<\/p>\n<p style=\"text-align: justify;\">Rubric\u00f3 se\u00f1alando que \u201cPer\u00fa reitera que la negativa del se\u00f1or L\u00f3pez a entregar al Per\u00fa la presidencia pro tempore de la Alianza del Pac\u00edfico constituye el incumplimiento de una obligaci\u00f3n internacional por parte de M\u00e9xico que puede conllevar a responsabilidad internacional para dicho Estado\u201d.<\/p>\n<p style=\"text-align: justify;\"><em>) S\u00edguenos en nuestra p\u00e1gina Facebook.com\/<a href=\"https:\/\/www.facebook.com\/acapulcopress.news\" target=\"_blank\" rel=\"noopener\">acapulcopress.news<\/a><\/em><\/p>\n","protected":false},"excerpt":{"rendered":"<p>GUATEMALA * 16 de mayo de 2023. ) Eme | Equis En menos de 24 horas, representantes de los gobiernos de Guatemala y de Per\u00fa condenaron la pol\u00edtica injerencista del gobierno de Andr\u00e9s Manuel L\u00f3pez Obrador en sus respectivas naciones. La vicepresidenta del Congreso de Guatemala y aspirante a candidata presidencial, Zury R\u00edos, conden\u00f3 ayer&#8230;<\/p>\n","protected":false},"author":2,"featured_media":1253639,"comment_status":"closed","ping_status":"closed","sticky":false,"template":"","format":"standard","meta":{"footnotes":""},"categories":[1969,1972,2020],"tags":[3836,3896,7626,18346,18347],"class_list":["post-1253636","post","type-post","status-publish","format-standard","has-post-thumbnail","hentry","category-trending","category-special","category-world-news","tag-ana-cecilia-gervasi","tag-andres-manuel-lopez-obrador","tag-efrain-rios-montt","tag-zury-mayte-rios-sosa","tag-zury-rios"],"_links":{"self":[{"href":"https:\/\/www.acapulcopress.com\/index.php\/wp-json\/wp\/v2\/posts\/1253636","targetHints":{"allow":["GET"]}}],"collection":[{"href":"https:\/\/www.acapulcopress.com\/index.php\/wp-json\/wp\/v2\/posts"}],"about":[{"href":"https:\/\/www.acapulcopress.com\/index.php\/wp-json\/wp\/v2\/types\/post"}],"author":[{"embeddable":true,"href":"https:\/\/www.acapulcopress.com\/index.php\/wp-json\/wp\/v2\/users\/2"}],"replies":[{"embeddable":true,"href":"https:\/\/www.acapulcopress.com\/index.php\/wp-json\/wp\/v2\/comments?post=1253636"}],"version-history":[{"count":0,"href":"https:\/\/www.acapulcopress.com\/index.php\/wp-json\/wp\/v2\/posts\/1253636\/revisions"}],"wp:featuredmedia":[{"embeddable":true,"href":"https:\/\/www.acapulcopress.com\/index.php\/wp-json\/"}],"wp:attachment":[{"href":"https:\/\/www.acapulcopress.com\/index.php\/wp-json\/wp\/v2\/media?parent=1253636"}],"wp:term":[{"taxonomy":"category","embeddable":true,"href":"https:\/\/www.acapulcopress.com\/index.php\/wp-json\/wp\/v2\/categories?post=1253636"},{"taxonomy":"post_tag","embeddable":true,"href":"https:\/\/www.acapulcopress.com\/index.php\/wp-json\/wp\/v2\/tags?post=1253636"}],"curies":[{"name":"wp","href":"https:\/\/api.w.org\/{rel}","templated":true}]}}