{"id":1253670,"date":"2023-05-17T18:27:27","date_gmt":"2023-05-17T23:27:27","guid":{"rendered":"https:\/\/www.acapulcopress.com\/?p=1253670"},"modified":"2023-05-17T18:27:27","modified_gmt":"2023-05-17T23:27:27","slug":"cambios-en-la-oficina-de-gobierno","status":"publish","type":"post","link":"https:\/\/www.acapulcopress.com\/index.php\/2023\/05\/17\/cambios-en-la-oficina-de-gobierno\/","title":{"rendered":"Cambios en la oficina de gobierno"},"content":{"rendered":"<p style=\"text-align: justify;\">Tercera V\u00eda<br \/>\n\u00bb <strong>ERNESTO<\/strong> | <strong>RIVERA RODR\u00cdGUEZ<\/strong><br \/>\n<em>) Facebook @<a href=\"https:\/\/www.facebook.com\/profile.php?id=100029214670744\" target=\"_blank\" rel=\"noopener\">Ernesto Rivera<\/a><\/em><\/p>\n<p style=\"text-align: justify;\">Se hab\u00edan tardado. La renuncia de Jes\u00fas Eugenio Suastegi Silverio estaba cantada desde hace semanas. Era m\u00e1s que necesario, se hab\u00eda convertido en una piedra en la zapatilla de la gobernadora Evelyn Cesia Salgado Pineda, lo m\u00e1s raro de esta renuncia fue que la dio a conocer p\u00fablicamente en la tribuna del Congreso el diputado <a href=\"https:\/\/www.facebook.com\/SoyJackoBadillo\" target=\"_blank\" rel=\"noopener\">Joaqu\u00edn Badillo<\/a>, \u00e9ste obsesionado por la candidatura a la alcald\u00eda de Acapulco. La pregunta es: \u00bfle dieron l\u00ednea para hacerlo, o fue de mutuo propio?<\/p>\n<p style=\"text-align: justify;\">M\u00e1s a\u00fan despu\u00e9s de dar a conocer una serie de cambios en las estrategias para fortalecer la difusi\u00f3n y vinculaci\u00f3n con la ciudadan\u00eda, Portal qu\u00e9 se ha presentado como el \u00abparteaguas\u00bb de la interlocuci\u00f3n con la sociedad guerrerense qu\u00e9 puede leerse como un serio estudio y an\u00e1lisis y ojal\u00e1 qu\u00e9 c\u00f3mo remedio no salga m\u00e1s caro el caldo que las alb\u00f3ndigas. El caso de Jes\u00fas Suastegui fue parte de ello?<\/p>\n<p style=\"text-align: justify;\">As\u00ed, el objetivo de la gobernadora sea que todas las acciones se repliquen en la poblaci\u00f3n guerrerense, como ha sido el caso de la reconstrucci\u00f3n del fraccionamiento Cantaluna y la puesta en marcha del programa de profesionalizaci\u00f3n de Polic\u00edas Municipales al 100% como prioridad de su gobierno, lo cual ante sus propias palabras es un reto de enormes dimensiones, o No? \u00abtenemos que dotarlos de todas las herramientas necesarias para hacerles frente a la delincuencia y a combatir la inseguridad\u00bb.<\/p>\n<p style=\"text-align: justify;\">Confianza es lo que est\u00e1 buscando la gobernadora, tarea muy complicada en tiempos m\u00e1s que complicados, tener todos los hilos de su gobierno en la mano, en una entidad que ha vuelto al top ten dentro de los 10, en el 7 de mayor inseguridad en el pa\u00eds, con Acapulco y Chilpancingo a la cabeza. Por ello la profesionalizaci\u00f3n de la Polic\u00eda m\u00e1s que vital, es pol\u00edticamente prioritaria.<\/p>\n<p style=\"text-align: justify;\">Mientras se contin\u00fae con el mismo protocolo y mec\u00e1nica de la <em>Mesa para la Construcci\u00f3n de La Paz<\/em> y no se modifique de fondo los criterios de la gobernanza y la gobernabilidad por m\u00e1s Portales que se habr\u00e1n los resultados desgraciadamente seguir\u00e1n siendo pobres, una entelequia de la dura realidad. Al tiempo.<\/p>\n<p style=\"text-align: justify;\"><em>) S\u00edguenos en nuestra p\u00e1gina Facebook.com\/<a href=\"https:\/\/www.facebook.com\/acapulcopress.news\" target=\"_blank\" rel=\"noopener\">acapulcopress.news<\/a><\/em><\/p>\n","protected":false},"excerpt":{"rendered":"<p>Tercera V\u00eda \u00bb ERNESTO | RIVERA RODR\u00cdGUEZ ) Facebook @Ernesto Rivera Se hab\u00edan tardado. La renuncia de Jes\u00fas Eugenio Suastegi Silverio estaba cantada desde hace semanas. Era m\u00e1s que necesario, se hab\u00eda convertido en una piedra en la zapatilla de la gobernadora Evelyn Cesia Salgado Pineda, lo m\u00e1s raro de esta renuncia fue que la&#8230;<\/p>\n","protected":false},"author":2,"featured_media":1253671,"comment_status":"closed","ping_status":"closed","sticky":false,"template":"","format":"standard","meta":{"footnotes":""},"categories":[2071,1991],"tags":[8063,10721,12977,17071],"class_list":["post-1253670","post","type-post","status-publish","format-standard","has-post-thumbnail","hentry","category-opinion-analisis-columnas","category-libertad-de-expresion","tag-ernesto-rivera-rodriguez","tag-jesus-eugenio-suastegi-silverio","tag-mesa-para-la-construccion-de-la-paz","tag-tercera-via"],"_links":{"self":[{"href":"https:\/\/www.acapulcopress.com\/index.php\/wp-json\/wp\/v2\/posts\/1253670","targetHints":{"allow":["GET"]}}],"collection":[{"href":"https:\/\/www.acapulcopress.com\/index.php\/wp-json\/wp\/v2\/posts"}],"about":[{"href":"https:\/\/www.acapulcopress.com\/index.php\/wp-json\/wp\/v2\/types\/post"}],"author":[{"embeddable":true,"href":"https:\/\/www.acapulcopress.com\/index.php\/wp-json\/wp\/v2\/users\/2"}],"replies":[{"embeddable":true,"href":"https:\/\/www.acapulcopress.com\/index.php\/wp-json\/wp\/v2\/comments?post=1253670"}],"version-history":[{"count":0,"href":"https:\/\/www.acapulcopress.com\/index.php\/wp-json\/wp\/v2\/posts\/1253670\/revisions"}],"wp:featuredmedia":[{"embeddable":true,"href":"https:\/\/www.acapulcopress.com\/index.php\/wp-json\/"}],"wp:attachment":[{"href":"https:\/\/www.acapulcopress.com\/index.php\/wp-json\/wp\/v2\/media?parent=1253670"}],"wp:term":[{"taxonomy":"category","embeddable":true,"href":"https:\/\/www.acapulcopress.com\/index.php\/wp-json\/wp\/v2\/categories?post=1253670"},{"taxonomy":"post_tag","embeddable":true,"href":"https:\/\/www.acapulcopress.com\/index.php\/wp-json\/wp\/v2\/tags?post=1253670"}],"curies":[{"name":"wp","href":"https:\/\/api.w.org\/{rel}","templated":true}]}}