{"id":1253676,"date":"2023-05-17T10:55:54","date_gmt":"2023-05-17T15:55:54","guid":{"rendered":"https:\/\/www.acapulcopress.com\/?p=1253676"},"modified":"2023-05-17T10:55:54","modified_gmt":"2023-05-17T15:55:54","slug":"no-procedera-reinstalacion-de-elementos-policiacos-envueltos-en-juicios","status":"publish","type":"post","link":"https:\/\/www.acapulcopress.com\/index.php\/2023\/05\/17\/no-procedera-reinstalacion-de-elementos-policiacos-envueltos-en-juicios\/","title":{"rendered":"No proceder\u00e1 reinstalaci\u00f3n de elementos polic\u00edacos envueltos en juicios"},"content":{"rendered":"<p style=\"text-align: justify;\">CHILPANCINGO * 17 de mayo de 2023.<br \/>\n<em>) Congreso de Guerrero<\/em><br \/>\nEl Congreso del Estado aprob\u00f3 un dictamen de adici\u00f3n al C\u00f3digo de Procedimientos de Justicia Administrativa del Estado de Guerrero para que no proceda la reinstalaci\u00f3n o restituci\u00f3n de los elementos policiales, independientemente del resultado del juicio que se hubiere promovido en contra de violaciones procesales, formales o de fondo en el procedimiento administrativo de separaci\u00f3n.<\/p>\n<p style=\"text-align: justify;\">Con esto, adem\u00e1s, el estado o los municipios s\u00f3lo estar\u00e1n obligados a pagarles su indemnizaci\u00f3n, que constar\u00e1 de 3 meses de salario, 20 d\u00edas por a\u00f1o laborado y lo que resulte de los proporcionales del \u00faltimo a\u00f1o de servicios por concepto de vacaciones, prima vacacional, aguinaldo y dem\u00e1s prestaciones pactadas expresamente.<\/p>\n<p style=\"text-align: justify;\">Lo anterior, derivado del an\u00e1lisis hecho al interior de la Comisi\u00f3n de Justicia, que consider\u00f3 procedente la adici\u00f3n al C\u00f3digo de Procedimientos de Justicia Administrativa del Estado presentada por el Grupo Parlamentario del PRD, ya que la Ley General del Sistema Nacional de Seguridad P\u00fablica es la responsable de establecer que todas las instituciones policiales garanticen aquellas prestaciones m\u00ednimas para sus elementos, con cargo a sus respectivos Presupuestos de Egresos.<\/p>\n<p style=\"text-align: justify;\">Tambi\u00e9n se hace referencia a los derechos humanos reconocidos por la Constituci\u00f3n Pol\u00edtica de los Estados Unidos Mexicanos y en los Tratados Internacionales para brindar garant\u00edas para su protecci\u00f3n, as\u00ed como la observancia del mandato superior que tienen todas las autoridades, en el \u00e1mbito de su competencia, de promover, respetar, proteger y garantizar los derechos humanos, conforme a los principios de universalidad, independencia, indivisibilidad y progresividad.<\/p>\n<p style=\"text-align: justify;\"><em>) S\u00edguenos en nuestra p\u00e1gina Facebook.com\/<a href=\"https:\/\/www.facebook.com\/acapulcopress.news\" target=\"_blank\" rel=\"noopener\">acapulcopress.news<\/a><\/em><\/p>\n","protected":false},"excerpt":{"rendered":"<p>CHILPANCINGO * 17 de mayo de 2023. ) Congreso de Guerrero El Congreso del Estado aprob\u00f3 un dictamen de adici\u00f3n al C\u00f3digo de Procedimientos de Justicia Administrativa del Estado de Guerrero para que no proceda la reinstalaci\u00f3n o restituci\u00f3n de los elementos policiales, independientemente del resultado del juicio que se hubiere promovido en contra de&#8230;<\/p>\n","protected":false},"author":2,"featured_media":1253663,"comment_status":"closed","ping_status":"closed","sticky":false,"template":"","format":"standard","meta":{"footnotes":""},"categories":[61,18561],"tags":[6370],"class_list":["post-1253676","post","type-post","status-publish","format-standard","has-post-thumbnail","hentry","category-legislacion","category-society-politics","tag-congreso-de-guerrero"],"_links":{"self":[{"href":"https:\/\/www.acapulcopress.com\/index.php\/wp-json\/wp\/v2\/posts\/1253676","targetHints":{"allow":["GET"]}}],"collection":[{"href":"https:\/\/www.acapulcopress.com\/index.php\/wp-json\/wp\/v2\/posts"}],"about":[{"href":"https:\/\/www.acapulcopress.com\/index.php\/wp-json\/wp\/v2\/types\/post"}],"author":[{"embeddable":true,"href":"https:\/\/www.acapulcopress.com\/index.php\/wp-json\/wp\/v2\/users\/2"}],"replies":[{"embeddable":true,"href":"https:\/\/www.acapulcopress.com\/index.php\/wp-json\/wp\/v2\/comments?post=1253676"}],"version-history":[{"count":0,"href":"https:\/\/www.acapulcopress.com\/index.php\/wp-json\/wp\/v2\/posts\/1253676\/revisions"}],"wp:featuredmedia":[{"embeddable":true,"href":"https:\/\/www.acapulcopress.com\/index.php\/wp-json\/"}],"wp:attachment":[{"href":"https:\/\/www.acapulcopress.com\/index.php\/wp-json\/wp\/v2\/media?parent=1253676"}],"wp:term":[{"taxonomy":"category","embeddable":true,"href":"https:\/\/www.acapulcopress.com\/index.php\/wp-json\/wp\/v2\/categories?post=1253676"},{"taxonomy":"post_tag","embeddable":true,"href":"https:\/\/www.acapulcopress.com\/index.php\/wp-json\/wp\/v2\/tags?post=1253676"}],"curies":[{"name":"wp","href":"https:\/\/api.w.org\/{rel}","templated":true}]}}