{"id":1253688,"date":"2023-05-17T19:34:38","date_gmt":"2023-05-18T00:34:38","guid":{"rendered":"https:\/\/www.acapulcopress.com\/?p=1253688"},"modified":"2023-05-17T19:34:38","modified_gmt":"2023-05-18T00:34:38","slug":"presento-comunicacion-social-nuevo-portal-del-gobierno-del-estado","status":"publish","type":"post","link":"https:\/\/www.acapulcopress.com\/index.php\/2023\/05\/17\/presento-comunicacion-social-nuevo-portal-del-gobierno-del-estado\/","title":{"rendered":"Present\u00f3 Comunicaci\u00f3n Social nuevo portal del Gobierno del Estado"},"content":{"rendered":"<p style=\"text-align: justify;\">CHILPANCINGO * 17 de mayo de 2023.<br \/>\n<em>) Gobierno de Guerrero<\/em><br \/>\nCon el objetivo de posicionar a Guerrero como uno de los estados de la rep\u00fablica con mayor desarrollo digital, el gobierno estatal a trav\u00e9s de la Direcci\u00f3n General de Tecnolog\u00edas de la Informaci\u00f3n y Comunicaciones, la Direcci\u00f3n General de <a href=\"https:\/\/www.facebook.com\/ComunicacionSocialGuerrero\" target=\"_blank\" rel=\"noopener\">Comunicaci\u00f3n Social<\/a> y la Secretar\u00eda de Administraci\u00f3n y Finanzas, presentaron el nuevo portal del gobierno del <img loading=\"lazy\" decoding=\"async\" class=\"alignleft size-medium wp-image-1253691\" src=\"https:\/\/www.acapulcopress.com\/wp-content\/uploads\/2023\/05\/nuevo-portal-gro3-375x250.jpg\" alt=\"\" width=\"375\" height=\"250\" \/>Estado, donde se busca promover a las personas un acceso digital con las instituciones gubernamentales.<\/p>\n<p style=\"text-align: justify;\">El Director General de Tecnolog\u00edas de la Informaci\u00f3n y Comunicaciones, Enrique Catal\u00e1n Navarrete dijo que en Guerrero la transformaci\u00f3n no solo es en el marco social, sino tambi\u00e9n en las nuevas eras digitales, esto para estar a la par de ciudades de primer mundo las cuales cuentan con herramientas digitales y principalmente de inclusi\u00f3n para personas con discapacidad como lo hace este nuevo portal, el cual tambi\u00e9n dijo que est\u00e1 dise\u00f1ado y traducido en cuatro lenguas nativas de Guerrero.<\/p>\n<p style=\"text-align: justify;\">Agreg\u00f3 que con esta nueva y mejorada herramienta, se pretende incrementar la eficiencia, la transparencia y la participaci\u00f3n ciudadana, se da un punto de entrada sencillo, intuitivo y <img loading=\"lazy\" decoding=\"async\" class=\"alignleft size-medium wp-image-1253690\" src=\"https:\/\/www.acapulcopress.com\/wp-content\/uploads\/2023\/05\/nuevo-portal-gro2-375x250.jpg\" alt=\"\" width=\"375\" height=\"250\" \/>personalizado en el que se puede acceder a informaci\u00f3n, documentos, v\u00ednculos y otros servicios de forma ininterrumpida.<\/p>\n<p style=\"text-align: justify;\">El portal contiene toda la informaci\u00f3n de los tr\u00e1mites que existen en todas las dependencias del estado, y est\u00e1 configurado de tal manera que la consulta ser\u00e1 r\u00e1pida y expedita, se podr\u00e1n consultar no solo las actividades diarias del gobierno, sino tambi\u00e9n convocatorias, los portales de transparencia, el nuevo portal del Hogar del Sol, el cual se dirige principalmente al turismo, cabe mencionar en que en todos sus apartados se cuenta atenci\u00f3n especializada para personas con discapacidad.<\/p>\n<p style=\"text-align: justify;\">Se inform\u00f3 que con este portal es uno de los grandes beneficios que ofrece, es la alternativa digital de ahorro de tiempo que trae consigo el desplazamiento f\u00edsico a una o m\u00e1s dependencias, pues se podr\u00e1 acceder a este portal desde una computadora, tableta o tel\u00e9fono celular, la direcci\u00f3n del portal es <a href=\"https:\/\/www.guerrero.gob.mx\/\" target=\"_blank\" rel=\"noopener\">www. guerrero.gob.mx<\/a>.<\/p>\n<p style=\"text-align: justify;\">Acompa\u00f1aron a esta presentaci\u00f3n, Raymundo Segura Estrada, secretario de Finanzas y Administraci\u00f3n del Gobierno del Estado, el Director General de Comunicaci\u00f3n Social, Ren\u00e9 Posselt Aguirre, Jos\u00e9 Luis \u00c1lvarez R\u00edos, Subdirector de Comunicaciones del Centro SICT Guerrero, entre otros funcionarios p\u00fablicos.<\/p>\n<p style=\"text-align: justify;\"><em>) S\u00edguenos en nuestra p\u00e1gina Facebook.com\/<a href=\"https:\/\/www.facebook.com\/acapulcopress.news\" target=\"_blank\" rel=\"noopener\">acapulcopress.news<\/a><\/em><\/p>\n","protected":false},"excerpt":{"rendered":"<p>CHILPANCINGO * 17 de mayo de 2023. ) Gobierno de Guerrero Con el objetivo de posicionar a Guerrero como uno de los estados de la rep\u00fablica con mayor desarrollo digital, el gobierno estatal a trav\u00e9s de la Direcci\u00f3n General de Tecnolog\u00edas de la Informaci\u00f3n y Comunicaciones, la Direcci\u00f3n General de Comunicaci\u00f3n Social y la Secretar\u00eda&#8230;<\/p>\n","protected":false},"author":2,"featured_media":1253692,"comment_status":"closed","ping_status":"closed","sticky":false,"template":"","format":"standard","meta":{"footnotes":""},"categories":[1983,18561],"tags":[11047,15324,15481],"class_list":["post-1253688","post","type-post","status-publish","format-standard","has-post-thumbnail","hentry","category-guerrerogob","category-society-politics","tag-jose-luis-alvarez-rios","tag-raymundo-segura-estrada","tag-rene-posselt-aguirre"],"_links":{"self":[{"href":"https:\/\/www.acapulcopress.com\/index.php\/wp-json\/wp\/v2\/posts\/1253688","targetHints":{"allow":["GET"]}}],"collection":[{"href":"https:\/\/www.acapulcopress.com\/index.php\/wp-json\/wp\/v2\/posts"}],"about":[{"href":"https:\/\/www.acapulcopress.com\/index.php\/wp-json\/wp\/v2\/types\/post"}],"author":[{"embeddable":true,"href":"https:\/\/www.acapulcopress.com\/index.php\/wp-json\/wp\/v2\/users\/2"}],"replies":[{"embeddable":true,"href":"https:\/\/www.acapulcopress.com\/index.php\/wp-json\/wp\/v2\/comments?post=1253688"}],"version-history":[{"count":0,"href":"https:\/\/www.acapulcopress.com\/index.php\/wp-json\/wp\/v2\/posts\/1253688\/revisions"}],"wp:featuredmedia":[{"embeddable":true,"href":"https:\/\/www.acapulcopress.com\/index.php\/wp-json\/"}],"wp:attachment":[{"href":"https:\/\/www.acapulcopress.com\/index.php\/wp-json\/wp\/v2\/media?parent=1253688"}],"wp:term":[{"taxonomy":"category","embeddable":true,"href":"https:\/\/www.acapulcopress.com\/index.php\/wp-json\/wp\/v2\/categories?post=1253688"},{"taxonomy":"post_tag","embeddable":true,"href":"https:\/\/www.acapulcopress.com\/index.php\/wp-json\/wp\/v2\/tags?post=1253688"}],"curies":[{"name":"wp","href":"https:\/\/api.w.org\/{rel}","templated":true}]}}