{"id":1253714,"date":"2023-05-18T19:50:51","date_gmt":"2023-05-19T00:50:51","guid":{"rendered":"https:\/\/www.acapulcopress.com\/?p=1253714"},"modified":"2023-05-18T19:50:51","modified_gmt":"2023-05-19T00:50:51","slug":"inicio-en-quechultenango-consulta-sobre-comunidades-indigenas-y-afromexicanas","status":"publish","type":"post","link":"https:\/\/www.acapulcopress.com\/index.php\/2023\/05\/18\/inicio-en-quechultenango-consulta-sobre-comunidades-indigenas-y-afromexicanas\/","title":{"rendered":"Inici\u00f3 en Quechultenango consulta sobre comunidades ind\u00edgenas y afromexicanas"},"content":{"rendered":"<p style=\"text-align: justify;\">CHILPANCINGO * 18 de mayo de 2023.<br \/>\n<em>) Congreso de Guerrero<\/em><br \/>\nEl <a href=\"https:\/\/www.facebook.com\/congresogro\" target=\"_blank\" rel=\"noopener\">Congreso del Estado de Guerrero<\/a> y el <a href=\"https:\/\/www.facebook.com\/iepcgro\" target=\"_blank\" rel=\"noopener\">Instituto Electoral y de Participaci\u00f3n Ciudadana<\/a> (IEPC) iniciaron este jueves en el municipio de Quechultenango la etapa consultiva de la <img loading=\"lazy\" decoding=\"async\" class=\"alignleft size-medium wp-image-1253703\" src=\"https:\/\/www.acapulcopress.com\/wp-content\/uploads\/2023\/05\/ETAPA-CONSULTIVA-375x215.jpg\" alt=\"\" width=\"375\" height=\"215\" \/>Consulta en Materia Electoral, donde los pueblos y comunidades ind\u00edgenas y afromexicanas podr\u00e1n expresar sus ideas y hacer propuestas en relaci\u00f3n al proceso de postulaci\u00f3n de ind\u00edgenas y afromexicanos a los cargos de diputaci\u00f3n local e integrantes de los ayuntamientos, y sobre la autoadscripci\u00f3n calificada que deber\u00e1n observar los partidos pol\u00edticos, coaliciones y candidaturas independientes. Con esto tambi\u00e9n se da cumplimiento a la sentencia 136\/2020 de la Suprema Corte de Justicia de la Naci\u00f3n.<\/p>\n<p style=\"text-align: justify;\">Esta \u00faltima etapa de la Consulta Previa, Libre e Informada a Pueblos y Comunidades Ind\u00edgenas y Afromexicanas del Estado de Guerrero en Materia Electoral, se estar\u00e1 <img loading=\"lazy\" decoding=\"async\" class=\"alignleft size-medium wp-image-1253700\" src=\"https:\/\/www.acapulcopress.com\/wp-content\/uploads\/2023\/05\/8ETAPA-CONSULTIVA-375x211.jpg\" alt=\"\" width=\"375\" height=\"211\" \/>desarrollando en 49 municipios de Guerrero.<\/p>\n<p style=\"text-align: justify;\">En el arranque estuvieron presentes el consejero Edmar Garc\u00eda Le\u00f3n, presidente de la Comisi\u00f3n de Sistemas Normativos Internos del IEPC y la consejera Azucena Cayetano Solano, as\u00ed como el titular de la Unidad de Procesos de Consulta del Congreso del Estado, Juan Salvador Susunaga Flores; el secretario ejecutivo del Instituto Electoral y de Participaci\u00f3n Ciudadana, Pedro Pablo Mart\u00ednez Ortiz; el secretario general del Ayuntamiento, Pablo Gonz\u00e1lez Mart\u00ednez; la regidora Mar\u00eda de los \u00c1ngeles Gervacio Morales; el regidor Ofelio Rodr\u00edguez Mendoza y autoridades comunitarias del municipio.<\/p>\n<p style=\"text-align: justify;\"><em>) S\u00edguenos en nuestra p\u00e1gina Facebook.com\/<a href=\"https:\/\/www.facebook.com\/acapulcopress.news\" target=\"_blank\" rel=\"noopener\">acapulcopress.news<\/a><\/em><\/p>\n","protected":false},"excerpt":{"rendered":"<p>CHILPANCINGO * 18 de mayo de 2023. ) Congreso de Guerrero El Congreso del Estado de Guerrero y el Instituto Electoral y de Participaci\u00f3n Ciudadana (IEPC) iniciaron este jueves en el municipio de Quechultenango la etapa consultiva de la Consulta en Materia Electoral, donde los pueblos y comunidades ind\u00edgenas y afromexicanas podr\u00e1n expresar sus ideas&#8230;<\/p>\n","protected":false},"author":2,"featured_media":1253702,"comment_status":"closed","ping_status":"closed","sticky":false,"template":"","format":"standard","meta":{"footnotes":""},"categories":[61,18561],"tags":[6384,10248],"class_list":["post-1253714","post","type-post","status-publish","format-standard","has-post-thumbnail","hentry","category-legislacion","category-society-politics","tag-congreso-del-estado-de-guerrero","tag-instituto-electoral-y-de-participacion-ciudadana-iepc"],"_links":{"self":[{"href":"https:\/\/www.acapulcopress.com\/index.php\/wp-json\/wp\/v2\/posts\/1253714","targetHints":{"allow":["GET"]}}],"collection":[{"href":"https:\/\/www.acapulcopress.com\/index.php\/wp-json\/wp\/v2\/posts"}],"about":[{"href":"https:\/\/www.acapulcopress.com\/index.php\/wp-json\/wp\/v2\/types\/post"}],"author":[{"embeddable":true,"href":"https:\/\/www.acapulcopress.com\/index.php\/wp-json\/wp\/v2\/users\/2"}],"replies":[{"embeddable":true,"href":"https:\/\/www.acapulcopress.com\/index.php\/wp-json\/wp\/v2\/comments?post=1253714"}],"version-history":[{"count":0,"href":"https:\/\/www.acapulcopress.com\/index.php\/wp-json\/wp\/v2\/posts\/1253714\/revisions"}],"wp:featuredmedia":[{"embeddable":true,"href":"https:\/\/www.acapulcopress.com\/index.php\/wp-json\/"}],"wp:attachment":[{"href":"https:\/\/www.acapulcopress.com\/index.php\/wp-json\/wp\/v2\/media?parent=1253714"}],"wp:term":[{"taxonomy":"category","embeddable":true,"href":"https:\/\/www.acapulcopress.com\/index.php\/wp-json\/wp\/v2\/categories?post=1253714"},{"taxonomy":"post_tag","embeddable":true,"href":"https:\/\/www.acapulcopress.com\/index.php\/wp-json\/wp\/v2\/tags?post=1253714"}],"curies":[{"name":"wp","href":"https:\/\/api.w.org\/{rel}","templated":true}]}}