{"id":1253742,"date":"2023-05-18T21:19:31","date_gmt":"2023-05-19T02:19:31","guid":{"rendered":"https:\/\/www.acapulcopress.com\/?p=1253742"},"modified":"2023-05-18T21:19:31","modified_gmt":"2023-05-19T02:19:31","slug":"adios-al-festival-de-cine-frances-en-acapulco","status":"publish","type":"post","link":"https:\/\/www.acapulcopress.com\/index.php\/2023\/05\/18\/adios-al-festival-de-cine-frances-en-acapulco\/","title":{"rendered":"Adi\u00f3s al Festival de Cine Franc\u00e9s en Acapulco"},"content":{"rendered":"<p style=\"text-align: justify;\">Marem\u00e1gnum<br \/>\n\u00bb <strong>RICARDO<\/strong> |<strong> CASTILLO BARRIENTOS<\/strong><br \/>\n<em>) Facebook: @<a href=\"https:\/\/www.facebook.com\/ricardocastill01\" target=\"_blank\" rel=\"noopener\">Ricardo Castillo Barrientos<\/a><\/em><\/p>\n<p style=\"text-align: justify;\">Como ya se coment\u00f3 en la entrega anterior, concluy\u00f3 en definitiva el <a href=\"https:\/\/www.facebook.com\/FestivalFrances\" target=\"_blank\" rel=\"noopener\">Festival Franco Mexicano<\/a> (FFM), conocido durante 19 a\u00f1os como Festival Franc\u00e9s, que a\u00f1o con a\u00f1o se realizaba exitosamente en el puerto de Acapulco.<\/p>\n<p style=\"text-align: justify;\">Este magno evento se vino abajo por el desinter\u00e9s y falta de apoyo de autoridades estatales y municipales. Gobiernos anteriores aportaban recursos y apoyo log\u00edstico, ahora nada, solo excusas.<\/p>\n<p style=\"text-align: justify;\">La \u00faltima edici\u00f3n se realiz\u00f3 durante los d\u00edas 13 y 14 de mayo y estuvo presidida por su coordinador Karim Gilles Djellit, fiel promotor de nuestro destino tur\u00edstico en la comunidad francesa de la CDMX y en la naci\u00f3n europea.<\/p>\n<p style=\"text-align: justify;\">En esas fechas se celebraron una serie de eventos en conmemoraci\u00f3n de la riqueza cultural de dos naciones: Francia y M\u00e9xico. En esta \u00faltima edici\u00f3n, se rindi\u00f3 homenaje a la fusi\u00f3n cultural de ambos pa\u00edses a trav\u00e9s de la gastronom\u00eda y las artes.<\/p>\n<p style=\"text-align: justify;\">El Comit\u00e9 Organizador expres\u00f3 su agradecimiento a los artistas, chefs, m\u00fasicos, directores de cine y todos aquellos participantes en las diferentes ediciones, as\u00ed como al Fuerte de San Diego, Museo Soumaya y Museo de Arte Popular.<\/p>\n<p style=\"text-align: justify;\">La conclusi\u00f3n del Festival Franc\u00e9s se debi\u00f3 a ciertos desaf\u00edos relacionados con la falta de inter\u00e9s, la necesidad de un dialogo constructivo, as\u00ed como la carencia de apoyo de los gobiernos estatal y municipal.<\/p>\n<p style=\"text-align: justify;\">Fincando esperanzas en el futuro inmediato del respaldo institucional, Karim Gilles, asegur\u00f3 que se est\u00e1 haciendo un replanteamiento del Festival y regresarlo a su esencia original, si fuera posible para la vig\u00e9sima edici\u00f3n, con el compromiso de seguir trabajando en la promoci\u00f3n de la cultura francesa en M\u00e9xico y de la cultura mexicana en Francia.<\/p>\n<p style=\"text-align: justify;\">Se indic\u00f3 que se continuar\u00e1 fomentando la educaci\u00f3n y la cultura entre Guerrero y Francia, en los \u00e1mbitos gastron\u00f3mico, tur\u00edstico y de la salud.<\/p>\n<p style=\"text-align: justify;\">Resulta lamentable perder un evento tan importante, cuando estamos urgidos de atraer grupos y actividades tur\u00edsticas que signifiquen derrama econ\u00f3mica y coadyuven con la econom\u00eda local. As\u00ed lo deben valorar las autoridades tur\u00edsticas, culturales y los propios gobernantes, a quienes les ata\u00f1e directamente, a fin de evitar se sigan perdiendo eventos de trascendencia para el puerto.<\/p>\n<p style=\"text-align: justify;\"><strong>Marea Baja.-<\/strong> Juan S\u00e1nchez Andraca es un prol\u00edfico escritor y librero, oriundo de Chilapa, que se consagr\u00f3 a las letras y a la venta de libros de diversos autores, incluyendo los suyos.<\/p>\n<p style=\"text-align: justify;\">Juanito es todo un personaje en la literatura guerrerense y sus dones afables le han generado una pl\u00e9yade amistades, simpatizantes y admiradores a su obra literaria y sensibilidad humana.<\/p>\n<p style=\"text-align: justify;\">Por ese y otros motivos, la Sociedad Mexicana de Geograf\u00eda y Estad\u00edstica, Cap\u00edtulo Iguala, le realizar\u00e1 un magno homenaje, el d\u00eda jueves 25 de mayo, a las 18:00 horas, en el Museo de la Bandera y Santuario de la Patria, de la hist\u00f3rica ciudad de Iguala de la Independencia.<\/p>\n<p style=\"text-align: justify;\">Entre sus obras m\u00e1s destacadas, figuran, \u201cUn mexicano m\u00e1s\u201d, \u201cAll\u00e1 en el r\u00edo\u201d, \u201cDebe amanecer\u201d, \u201cA pesar de todo\u201d, \u201cZitlala, lugar de estrellas\u201d, y otros.<\/p>\n<p style=\"text-align: justify;\"><strong>Marea Alta.-<\/strong> Oportuna pero rid\u00edcula la multa que impuso la direcci\u00f3n de Ecolog\u00eda Municipal de 18 mil pesos, a una empresa contratista de la Comisi\u00f3n Federal de Electricidad (CFE), por haber talado 6 \u00e1rboles de roble sembrados hace 20 a\u00f1os, cerca de la bodega de lim\u00f3n por el rumbo de La Sabana, del municipio de Acapulco.<\/p>\n<p style=\"text-align: justify;\">La irrisoria multa tambi\u00e9n debe aplicarse a la CFE, por ser la responsable directa del ecocidio, adem\u00e1s de resembrar 10 \u00e1rboles de la misma especie por cada \u00e1rbol talado.<\/p>\n<p style=\"text-align: justify;\">Tanto a la CFE como otras dependencias gubernamentales y algunos particulares, se les hace f\u00e1cil devastar \u00e1rboles para solucionar problemas de espacio, afectando a la madre naturaleza. Nacho Terrazas, vecino de La Sabana, puso el grito al cielo para que se aplique un castigo ejemplar a esa dependencia paraestatal, otrora conocida como empresa de clase mundial.<\/p>\n<p style=\"text-align: justify;\"><strong>Maremoto.-<\/strong> La prepotencia e indiferencia son caracter\u00edsticas de funcionarias primerizas que llegan de golpe y porrazo a ocupar un cargo relevante como la secretaria de Cultura (Secultura), A\u00edda Mart\u00ednez Rebolledo. Esto viene a cuento porque despu\u00e9s de guardar hermetismo sobre la convocatoria para designar al nuevo director de la Orquesta Filarm\u00f3nica de Acapulco (OFA), por fin dio se\u00f1ales de vida.<\/p>\n<p style=\"text-align: justify;\">El pr\u00f3ximo 19 del presente mes, se reunir\u00e1n por primera vez, una comisi\u00f3n de m\u00fasicos de la OFA, a la que no asistir\u00e1 la Titular de Secultura y enviar\u00e1 a un funcionaria segundona para escuchar las peticiones de los integrantes de esta formidable orquesta, que son del dominio p\u00fablico.<\/p>\n<p style=\"text-align: justify;\">Da la impresi\u00f3n que existen intereses aviesos por desmantelar a la OFA, no se puede entender de otra manera, ante una problem\u00e1tica asfixiante que podr\u00eda provocar la desbandada de tan profesionales elementos musicales.<\/p>\n<p style=\"text-align: justify;\"><em>) S\u00edguenos en nuestra p\u00e1gina Facebook.com\/<a href=\"https:\/\/www.facebook.com\/acapulcopress.news\" target=\"_blank\" rel=\"noopener\">acapulcopress.news<\/a><\/em><\/p>\n","protected":false},"excerpt":{"rendered":"<p>Marem\u00e1gnum \u00bb RICARDO | CASTILLO BARRIENTOS ) Facebook: @Ricardo Castillo Barrientos Como ya se coment\u00f3 en la entrega anterior, concluy\u00f3 en definitiva el Festival Franco Mexicano (FFM), conocido durante 19 a\u00f1os como Festival Franc\u00e9s, que a\u00f1o con a\u00f1o se realizaba exitosamente en el puerto de Acapulco. Este magno evento se vino abajo por el desinter\u00e9s&#8230;<\/p>\n","protected":false},"author":2,"featured_media":1253743,"comment_status":"closed","ping_status":"closed","sticky":false,"template":"","format":"standard","meta":{"footnotes":""},"categories":[1972,2071,1991],"tags":[8580,12503,15575],"class_list":["post-1253742","post","type-post","status-publish","format-standard","has-post-thumbnail","hentry","category-special","category-opinion-analisis-columnas","category-libertad-de-expresion","tag-festival-franco-mexicano-ffm","tag-maremagnum","tag-ricardo-castillo-barrientos"],"_links":{"self":[{"href":"https:\/\/www.acapulcopress.com\/index.php\/wp-json\/wp\/v2\/posts\/1253742","targetHints":{"allow":["GET"]}}],"collection":[{"href":"https:\/\/www.acapulcopress.com\/index.php\/wp-json\/wp\/v2\/posts"}],"about":[{"href":"https:\/\/www.acapulcopress.com\/index.php\/wp-json\/wp\/v2\/types\/post"}],"author":[{"embeddable":true,"href":"https:\/\/www.acapulcopress.com\/index.php\/wp-json\/wp\/v2\/users\/2"}],"replies":[{"embeddable":true,"href":"https:\/\/www.acapulcopress.com\/index.php\/wp-json\/wp\/v2\/comments?post=1253742"}],"version-history":[{"count":0,"href":"https:\/\/www.acapulcopress.com\/index.php\/wp-json\/wp\/v2\/posts\/1253742\/revisions"}],"wp:featuredmedia":[{"embeddable":true,"href":"https:\/\/www.acapulcopress.com\/index.php\/wp-json\/"}],"wp:attachment":[{"href":"https:\/\/www.acapulcopress.com\/index.php\/wp-json\/wp\/v2\/media?parent=1253742"}],"wp:term":[{"taxonomy":"category","embeddable":true,"href":"https:\/\/www.acapulcopress.com\/index.php\/wp-json\/wp\/v2\/categories?post=1253742"},{"taxonomy":"post_tag","embeddable":true,"href":"https:\/\/www.acapulcopress.com\/index.php\/wp-json\/wp\/v2\/tags?post=1253742"}],"curies":[{"name":"wp","href":"https:\/\/api.w.org\/{rel}","templated":true}]}}