{"id":1253753,"date":"2023-05-18T21:58:52","date_gmt":"2023-05-19T02:58:52","guid":{"rendered":"https:\/\/www.acapulcopress.com\/?p=1253753"},"modified":"2023-05-18T21:58:52","modified_gmt":"2023-05-19T02:58:52","slug":"ine-acepta-queja-contra-claudia-sheinbaum","status":"publish","type":"post","link":"https:\/\/www.acapulcopress.com\/index.php\/2023\/05\/18\/ine-acepta-queja-contra-claudia-sheinbaum\/","title":{"rendered":"INE acepta queja contra Claudia Sheinbaum"},"content":{"rendered":"<p style=\"text-align: justify;\">CIUDAD DE M\u00c9XICO * 18 de mayo de 2023.<br \/>\n<em>) <a href=\"https:\/\/latinus.us\/2023\/05\/18\/el-ine-acepta-queja-contra-sheinbaum-por-posibles-actos-anticipados-de-campana\/\" target=\"_blank\" rel=\"noopener\">LatinUs <\/a><br \/>\n<\/em>El <a href=\"https:\/\/www.facebook.com\/INEMexico\" target=\"_blank\" rel=\"noopener\">Instituto Nacional Electoral<\/a> (INE) admiti\u00f3 la queja presentada por <a href=\"https:\/\/www.facebook.com\/MovCiudadanoMX\" target=\"_blank\" rel=\"noopener\">Movimiento Ciudadano<\/a> (MC) por posibles actos anticipados de campa\u00f1a cometidos por <a href=\"https:\/\/www.facebook.com\/ClaudiaSheinbaumPardo\" target=\"_blank\" rel=\"noopener\">Claudia Sheinbaum Pardo<\/a>, jefa de Gobierno de la Ciudad de M\u00e9xico.<\/p>\n<p style=\"text-align: justify;\">La queja fue presentada por Jorge \u00c1lvarez M\u00e1ynez, coordinador de los diputados de MC, el 3 de mayo, por \u201cactos anticipados de precampa\u00f1a y campa\u00f1a, e indebida difusi\u00f3n de informe de labores\u201d.<\/p>\n<p style=\"text-align: justify;\">El INE, destaca en un comunicado la bancada de MC, no solo admiti\u00f3 la queja al contar con todos los requisitos legales, tambi\u00e9n confirma que los eventos tuvieron la finalidad de \u201cpromocionar la imagen de Claudia Sheinbaum (\u2026) frente a la ciudadan\u00eda\u201d.<\/p>\n<p style=\"text-align: justify;\">\u201cEsto, a partir de la realizaci\u00f3n de eventos p\u00fablicos bajo el formato de conferencias, en donde participa (\u2026) mediante mensajes y discursos cuyo contenido engloba y toca aspectos relacionados con logros de gobierno\u201d, indica.<\/p>\n<p style=\"text-align: justify;\">La queja fue presentada luego de que Sheinbaum Pardo realiz\u00f3 diversos actos p\u00fablicos en los estados de Tamaulipas, Guanajuato y Sinaloa, en las que habl\u00f3 de pol\u00edticas de gobierno al servicio del pueblo y de la ciudadan\u00eda.<\/p>\n<p style=\"text-align: justify;\">\u201cAgradecemos que el INE haya admitido nuestra queja contra Claudia Sheinbaum por los actos anticipados de campa\u00f1a\u201d, indica \u00c1lvarez M\u00e1ynez, luego de recibir la notificaci\u00f3n del Instituto.<\/p>\n<p style=\"text-align: justify;\">El l\u00edder emecista afirm\u00f3 que MC es la \u00fanica fuerza que ha denunciado estos actos anticipados de campa\u00f1a en todo el pa\u00eds.<\/p>\n<p style=\"text-align: justify;\">\u201cDe manera sistem\u00e1tica sigue realiz\u00e1ndolos la Jefa de Gobierno pese a la prohibici\u00f3n constitucional de difundir supuestos logros o acciones de gobierno. Sus actos no son hechos aislados, el INE ha determinado que son eventos contrarios a la norma electoral y que deben analizarse de forma contextual\u201d, apunt\u00f3.<\/p>\n<p style=\"text-align: justify;\">\u00c1lvarez M\u00e1ynez exigi\u00f3 a Morena \u201cdetener este tipo de conductas ilegales y respetar las normas electorales. Con sus actos anticipados evidencian que est\u00e1n dispuestos a infringir la ley, y afectar de manera preocupante e irreparable la libertad democr\u00e1tica\u201d.<\/p>\n<p style=\"text-align: justify;\"><em>) S\u00edguenos en nuestra p\u00e1gina Facebook.com\/<a href=\"https:\/\/www.facebook.com\/acapulcopress.news\" target=\"_blank\" rel=\"noopener\">acapulcopress.news<\/a><\/em><\/p>\n","protected":false},"excerpt":{"rendered":"<p>CIUDAD DE M\u00c9XICO * 18 de mayo de 2023. ) LatinUs El Instituto Nacional Electoral (INE) admiti\u00f3 la queja presentada por Movimiento Ciudadano (MC) por posibles actos anticipados de campa\u00f1a cometidos por Claudia Sheinbaum Pardo, jefa de Gobierno de la Ciudad de M\u00e9xico. La queja fue presentada por Jorge \u00c1lvarez M\u00e1ynez, coordinador de los diputados&#8230;<\/p>\n","protected":false},"author":2,"featured_media":1253754,"comment_status":"closed","ping_status":"closed","sticky":false,"template":"","format":"standard","meta":{"footnotes":""},"categories":[1997],"tags":[5853,10337,13334],"class_list":["post-1253753","post","type-post","status-publish","format-standard","has-post-thumbnail","hentry","category-noticias-destacadas","tag-claudia-sheinbaum-pardo","tag-instituto-nacional-electoral-ine","tag-movimiento-ciudadano-mc"],"_links":{"self":[{"href":"https:\/\/www.acapulcopress.com\/index.php\/wp-json\/wp\/v2\/posts\/1253753","targetHints":{"allow":["GET"]}}],"collection":[{"href":"https:\/\/www.acapulcopress.com\/index.php\/wp-json\/wp\/v2\/posts"}],"about":[{"href":"https:\/\/www.acapulcopress.com\/index.php\/wp-json\/wp\/v2\/types\/post"}],"author":[{"embeddable":true,"href":"https:\/\/www.acapulcopress.com\/index.php\/wp-json\/wp\/v2\/users\/2"}],"replies":[{"embeddable":true,"href":"https:\/\/www.acapulcopress.com\/index.php\/wp-json\/wp\/v2\/comments?post=1253753"}],"version-history":[{"count":0,"href":"https:\/\/www.acapulcopress.com\/index.php\/wp-json\/wp\/v2\/posts\/1253753\/revisions"}],"wp:featuredmedia":[{"embeddable":true,"href":"https:\/\/www.acapulcopress.com\/index.php\/wp-json\/"}],"wp:attachment":[{"href":"https:\/\/www.acapulcopress.com\/index.php\/wp-json\/wp\/v2\/media?parent=1253753"}],"wp:term":[{"taxonomy":"category","embeddable":true,"href":"https:\/\/www.acapulcopress.com\/index.php\/wp-json\/wp\/v2\/categories?post=1253753"},{"taxonomy":"post_tag","embeddable":true,"href":"https:\/\/www.acapulcopress.com\/index.php\/wp-json\/wp\/v2\/tags?post=1253753"}],"curies":[{"name":"wp","href":"https:\/\/api.w.org\/{rel}","templated":true}]}}