{"id":1253761,"date":"2023-05-19T10:42:44","date_gmt":"2023-05-19T15:42:44","guid":{"rendered":"https:\/\/www.acapulcopress.com\/?p=1253761"},"modified":"2023-05-19T10:42:44","modified_gmt":"2023-05-19T15:42:44","slug":"congreso-aprueba-realizacion-del-xv-parlamento-infantil-en-guerrero","status":"publish","type":"post","link":"https:\/\/www.acapulcopress.com\/index.php\/2023\/05\/19\/congreso-aprueba-realizacion-del-xv-parlamento-infantil-en-guerrero\/","title":{"rendered":"Congreso aprueba realizaci\u00f3n del XV Parlamento Infantil en Guerrero"},"content":{"rendered":"<p style=\"text-align: justify;\">CHILPANCINGO * 19 de mayo de 2023.<br \/>\n<em>) Congreso de Guerrero<\/em><br \/>\nEl Pleno del Congreso aprob\u00f3 la realizaci\u00f3n del XV Parlamento Infantil del Estado de Guerrero, a realizarse los d\u00edas 25 y 26 de mayo de este a\u00f1o en la sede del Poder Legislativo.<\/p>\n<p style=\"text-align: justify;\">En este tradicional evento, ni\u00f1os guerrerenses de las siete regiones de la entidad podr\u00e1n expresar, analizar, deliberar y discutir asuntos de su inter\u00e9s y de la sociedad en general, haciendo efectivo el ejercicio pleno de su derecho a la participaci\u00f3n.<\/p>\n<p style=\"text-align: justify;\">En el acuerdo parlamentario emitido por la Junta de Coordinaci\u00f3n Pol\u00edtica se se\u00f1ala que el subsecretario de Educaci\u00f3n B\u00e1sica de la Secretar\u00eda de Educaci\u00f3n Guerrero, Ricardo Castillo Pe\u00f1a, envi\u00f3 a este Congreso la convocatoria y lineamientos para dicho parlamento que se instituy\u00f3 el 22 de marzo de 2006.<\/p>\n<p style=\"text-align: justify;\">Asimismo, refiere que el Congreso del Estado, dentro de sus facultades, tiene la responsabilidad de promover la participaci\u00f3n ciudadana, tomando en cuenta los principios y valores de legalidad, corresponsabilidad, inclusi\u00f3n, sustentabilidad, democracia, solidaridad, tolerancia, diversidad y convivencia pac\u00edfica.<\/p>\n<p style=\"text-align: justify;\">A\u00f1ade el documento que los parlamentos infantiles son espacios dise\u00f1ados para que la ni\u00f1ez externe sus opiniones y propuestas de soluci\u00f3n a la distinta problem\u00e1tica, fomentando desde la\u00a0infancia la construcci\u00f3n de ciudadan\u00eda, la cultura de legalidad y la participaci\u00f3n democr\u00e1tica, el di\u00e1logo, respeto y tolerancia.<\/p>\n<p style=\"text-align: justify;\">\u201cLa pr\u00e1ctica de este ejercicio infantil no debe ni puede afectar la vida cotidiana de los participantes; por el contrario, esto debe reforzar su modo de vida y educaci\u00f3n diaria. Por ello, en reuniones preparatorias con la Secretar\u00eda de Educaci\u00f3n, el Instituto Electoral y de Participaci\u00f3n Ciudadana, el Tribunal Electoral y la Comisi\u00f3n de los Derechos Humanos se han realizado algunos ajustes en la organizaci\u00f3n de este Parlamento Infantil\u201d, detalla.<\/p>\n<p style=\"text-align: justify;\">En ese sentido, el XV Parlamento Infantil se conformar\u00e1 por 46 ni\u00f1as y ni\u00f1os de entre 10 y 12 a\u00f1os de edad, en forma paritaria, que cursen la educaci\u00f3n primaria, previamente elegidos por la Subsecretar\u00eda de Educaci\u00f3n B\u00e1sica.<\/p>\n<p style=\"text-align: justify;\"><em>) S\u00edguenos en nuestra p\u00e1gina Facebook.com\/<a href=\"https:\/\/www.facebook.com\/acapulcopress.news\" target=\"_blank\" rel=\"noopener\">acapulcopress.news<\/a><\/em><\/p>\n","protected":false},"excerpt":{"rendered":"<p>CHILPANCINGO * 19 de mayo de 2023. ) Congreso de Guerrero El Pleno del Congreso aprob\u00f3 la realizaci\u00f3n del XV Parlamento Infantil del Estado de Guerrero, a realizarse los d\u00edas 25 y 26 de mayo de este a\u00f1o en la sede del Poder Legislativo. En este tradicional evento, ni\u00f1os guerrerenses de las siete regiones de&#8230;<\/p>\n","protected":false},"author":2,"featured_media":1253759,"comment_status":"closed","ping_status":"closed","sticky":false,"template":"","format":"standard","meta":{"footnotes":""},"categories":[61,18561],"tags":[6370,18174],"class_list":["post-1253761","post","type-post","status-publish","format-standard","has-post-thumbnail","hentry","category-legislacion","category-society-politics","tag-congreso-de-guerrero","tag-xv-parlamento-infantil-guerrero"],"_links":{"self":[{"href":"https:\/\/www.acapulcopress.com\/index.php\/wp-json\/wp\/v2\/posts\/1253761","targetHints":{"allow":["GET"]}}],"collection":[{"href":"https:\/\/www.acapulcopress.com\/index.php\/wp-json\/wp\/v2\/posts"}],"about":[{"href":"https:\/\/www.acapulcopress.com\/index.php\/wp-json\/wp\/v2\/types\/post"}],"author":[{"embeddable":true,"href":"https:\/\/www.acapulcopress.com\/index.php\/wp-json\/wp\/v2\/users\/2"}],"replies":[{"embeddable":true,"href":"https:\/\/www.acapulcopress.com\/index.php\/wp-json\/wp\/v2\/comments?post=1253761"}],"version-history":[{"count":0,"href":"https:\/\/www.acapulcopress.com\/index.php\/wp-json\/wp\/v2\/posts\/1253761\/revisions"}],"wp:featuredmedia":[{"embeddable":true,"href":"https:\/\/www.acapulcopress.com\/index.php\/wp-json\/"}],"wp:attachment":[{"href":"https:\/\/www.acapulcopress.com\/index.php\/wp-json\/wp\/v2\/media?parent=1253761"}],"wp:term":[{"taxonomy":"category","embeddable":true,"href":"https:\/\/www.acapulcopress.com\/index.php\/wp-json\/wp\/v2\/categories?post=1253761"},{"taxonomy":"post_tag","embeddable":true,"href":"https:\/\/www.acapulcopress.com\/index.php\/wp-json\/wp\/v2\/tags?post=1253761"}],"curies":[{"name":"wp","href":"https:\/\/api.w.org\/{rel}","templated":true}]}}