{"id":1253763,"date":"2023-05-19T20:01:16","date_gmt":"2023-05-20T01:01:16","guid":{"rendered":"https:\/\/www.acapulcopress.com\/?p=1253763"},"modified":"2023-05-19T20:01:16","modified_gmt":"2023-05-20T01:01:16","slug":"atienden-peticiones-laborales-de-bomberos-y-personal-de-proteccion-civil-de-guerrero","status":"publish","type":"post","link":"https:\/\/www.acapulcopress.com\/index.php\/2023\/05\/19\/atienden-peticiones-laborales-de-bomberos-y-personal-de-proteccion-civil-de-guerrero\/","title":{"rendered":"Atienden peticiones laborales de bomberos y personal de Protecci\u00f3n Civil de Guerrero"},"content":{"rendered":"<p style=\"text-align: justify;\">CHILPANCINGO * 19 de mayo de 2023.<br \/>\n<em>) Gobierno de Guerrero<\/em><br \/>\nEl subsecretario de Administraci\u00f3n y Finanzas, Ricardo Salinas M\u00e9ndez, se reuni\u00f3 con el secretario general del <a href=\"https:\/\/www.facebook.com\/profile.php?id=100075908367689\" target=\"_blank\" rel=\"noopener\">Sindicato de Trabajadores de Protecci\u00f3n Civil y Bomberos del Estado<\/a>, <img loading=\"lazy\" decoding=\"async\" class=\"alignleft size-medium wp-image-1253764\" src=\"https:\/\/www.acapulcopress.com\/wp-content\/uploads\/2023\/05\/Sindicato-Bomberos-375x281.jpg\" alt=\"\" width=\"375\" height=\"281\" \/>\u00c1ngel Mart\u00ednez Reyes.<\/p>\n<p style=\"text-align: justify;\">En un ambiente de cordialidad y respeto, se revisaron las peticiones de las y los trabajadores sindicalizados y temas pendientes como vi\u00e1ticos, trajes, uniformes, unidades, camiones y cursos de capacitaci\u00f3n, a fin de mejorar sus condiciones laborales bajo estricto respeto a los derechos humanos.<\/p>\n<p style=\"text-align: justify;\">Ricardo Salinas M\u00e9ndez, se\u00f1al\u00f3 que el inter\u00e9s y disposici\u00f3n de la gobernadora Evelyn Salgado es de garantizar la atenci\u00f3n a la base trabajadora a trav\u00e9s de estas mesas de di\u00e1logo sin la necesidad de afectar a terceros con marchas o bloqueos.<\/p>\n<p style=\"text-align: justify;\">Con la disposici\u00f3n de atender la demanda de la plana laboral de Protecci\u00f3n Civil y Bomberos del estado, Ricardo Salinas M\u00e9ndez indic\u00f3 que ser\u00e1n revisadas las peticiones del sindicato de los trabajadores con el \u00e1nimo de construir una correcta relaci\u00f3n institucional.<\/p>\n<p style=\"text-align: justify;\">En la reuni\u00f3n estuvieron presentes el Director de Personal, Oscar Francisco Herrera V\u00e1zquez, as\u00ed como la Directora General de adquisiciones y Servicios Generales, Vianka Mondrag\u00f3n Leyva, y la comitiva del Sindicato de trabajadores de Protecci\u00f3n Civil y Bomberos\u00a0de\u00a0Guerrero.<\/p>\n<p style=\"text-align: justify;\"><em>) S\u00edguenos en nuestra p\u00e1gina Facebook.com\/<a href=\"https:\/\/www.facebook.com\/acapulcopress.news\" target=\"_blank\" rel=\"noopener\">acapulcopress.news<\/a><\/em><\/p>\n","protected":false},"excerpt":{"rendered":"<p>CHILPANCINGO * 19 de mayo de 2023. ) Gobierno de Guerrero El subsecretario de Administraci\u00f3n y Finanzas, Ricardo Salinas M\u00e9ndez, se reuni\u00f3 con el secretario general del Sindicato de Trabajadores de Protecci\u00f3n Civil y Bomberos del Estado, \u00c1ngel Mart\u00ednez Reyes. En un ambiente de cordialidad y respeto, se revisaron las peticiones de las y los&#8230;<\/p>\n","protected":false},"author":2,"featured_media":1253765,"comment_status":"closed","ping_status":"closed","sticky":false,"template":"","format":"standard","meta":{"footnotes":""},"categories":[1983,18561],"tags":[3939,15598,16648],"class_list":["post-1253763","post","type-post","status-publish","format-standard","has-post-thumbnail","hentry","category-guerrerogob","category-society-politics","tag-angel-martinez-reyes","tag-ricardo-salinas-mendez","tag-sindicato-de-trabajadores-de-proteccion-civil-y-bomberos-del-estado"],"_links":{"self":[{"href":"https:\/\/www.acapulcopress.com\/index.php\/wp-json\/wp\/v2\/posts\/1253763","targetHints":{"allow":["GET"]}}],"collection":[{"href":"https:\/\/www.acapulcopress.com\/index.php\/wp-json\/wp\/v2\/posts"}],"about":[{"href":"https:\/\/www.acapulcopress.com\/index.php\/wp-json\/wp\/v2\/types\/post"}],"author":[{"embeddable":true,"href":"https:\/\/www.acapulcopress.com\/index.php\/wp-json\/wp\/v2\/users\/2"}],"replies":[{"embeddable":true,"href":"https:\/\/www.acapulcopress.com\/index.php\/wp-json\/wp\/v2\/comments?post=1253763"}],"version-history":[{"count":0,"href":"https:\/\/www.acapulcopress.com\/index.php\/wp-json\/wp\/v2\/posts\/1253763\/revisions"}],"wp:featuredmedia":[{"embeddable":true,"href":"https:\/\/www.acapulcopress.com\/index.php\/wp-json\/"}],"wp:attachment":[{"href":"https:\/\/www.acapulcopress.com\/index.php\/wp-json\/wp\/v2\/media?parent=1253763"}],"wp:term":[{"taxonomy":"category","embeddable":true,"href":"https:\/\/www.acapulcopress.com\/index.php\/wp-json\/wp\/v2\/categories?post=1253763"},{"taxonomy":"post_tag","embeddable":true,"href":"https:\/\/www.acapulcopress.com\/index.php\/wp-json\/wp\/v2\/tags?post=1253763"}],"curies":[{"name":"wp","href":"https:\/\/api.w.org\/{rel}","templated":true}]}}