{"id":1253767,"date":"2023-05-19T15:06:38","date_gmt":"2023-05-19T20:06:38","guid":{"rendered":"https:\/\/www.acapulcopress.com\/?p=1253767"},"modified":"2023-05-19T15:06:38","modified_gmt":"2023-05-19T20:06:38","slug":"reconoce-cedhgro-a-evelyn-salgado-como-aliada-de-los-derechos-humanos","status":"publish","type":"post","link":"https:\/\/www.acapulcopress.com\/index.php\/2023\/05\/19\/reconoce-cedhgro-a-evelyn-salgado-como-aliada-de-los-derechos-humanos\/","title":{"rendered":"Reconoce CEDHGro a Evelyn Salgado como aliada de los derechos humanos"},"content":{"rendered":"<p style=\"text-align: justify;\">CHILPANCINGO * 19 de mayo de 2023.<br \/>\n<em>) Gobierno de Guerrero<\/em><br \/>\n\u00abSin represi\u00f3n ni persecuci\u00f3n, con di\u00e1logo y m\u00e1s di\u00e1logo podemos resolver los problemas <img loading=\"lazy\" decoding=\"async\" class=\"alignleft size-medium wp-image-1253775\" src=\"https:\/\/www.acapulcopress.com\/wp-content\/uploads\/2023\/05\/esp.cedhgro7-375x208.jpg\" alt=\"\" width=\"375\" height=\"208\" \/>sociales de Guerrero\u00bb, afirm\u00f3 la gobernadora <a href=\"https:\/\/www.facebook.com\/EvelynSalgadoP\" target=\"_blank\" rel=\"noopener\">Evelyn Salgado Pineda<\/a> al asistir al Segundo Informe de Labores de <a href=\"https:\/\/www.facebook.com\/CeciliaNarcisoG\" target=\"_blank\" rel=\"noopener\">Cecilia Narciso Gayt\u00e1n<\/a> al frente de la <a href=\"https:\/\/www.facebook.com\/cdheggro\" target=\"_blank\" rel=\"noopener\">Comisi\u00f3n de Derechos Humanos del Estado de Guerrero<\/a> (CDHEG), donde refrend\u00f3 el compromiso de su gobierno para seguir transformando a Guerrero en un santuario de los derechos fundamentales de los guerrerenses.<\/p>\n<p style=\"text-align: justify;\">En su mensaje, la gobernadora destac\u00f3 el trabajo que realiza esta instituci\u00f3n y reiter\u00f3 su compromiso para profundizar y fortalecer los trabajos en materia de protecci\u00f3n y promoci\u00f3n de los derechos humanos para construir un Guerrero de justicia, de derechos y libertades para todas y todos con perspectiva de g\u00e9nero.<\/p>\n<p style=\"text-align: justify;\"><img loading=\"lazy\" decoding=\"async\" class=\"alignleft size-medium wp-image-1253769\" src=\"https:\/\/www.acapulcopress.com\/wp-content\/uploads\/2023\/05\/esp.cedhgro-375x250.jpg\" alt=\"\" width=\"375\" height=\"250\" \/>La mandataria estatal refiri\u00f3 que desde el inicio de su administraci\u00f3n se comprometi\u00f3 a encabezar un gobierno de libertades sin represi\u00f3n ni persecuci\u00f3n, con una permanente apertura de di\u00e1logo como medio para resolver con sensibilidad las diferentes problem\u00e1ticas sociales del estado, con estricto apego al respeto de los derechos humanos.<\/p>\n<p style=\"text-align: justify;\">\u00abEs lo que deben tener todas las y los gobernantes, la apertura, porque solo de esta manera, escuchando es c\u00f3mo podemos resolver todos y cada uno de los problemas que aquejan al estado\u00bb, dijo la gobernadora Evelyn Salgado al destacar el trabajo interinstitucional de este \u00f3rgano garante de los derechos humanos con acciones de capacitaci\u00f3n y mejora continua en la atenci\u00f3n en materia de Derechos Humanos.<\/p>\n<p style=\"text-align: justify;\"><img loading=\"lazy\" decoding=\"async\" class=\"alignleft size-medium wp-image-1253779\" src=\"https:\/\/www.acapulcopress.com\/wp-content\/uploads\/2023\/05\/esp.cedhgro12-375x227.jpg\" alt=\"\" width=\"375\" height=\"227\" \/>Evelyn Salgado reconoci\u00f3 el trabajo de quienes integran la Comisi\u00f3n de Derechos Humanos del estado de Guerrero que con absoluto respeto a su autonom\u00eda se trabaja en perfecta coordinaci\u00f3n que ha permitido lograr avances importantes en Guerrero.<\/p>\n<p style=\"text-align: justify;\">Adem\u00e1s, destac\u00f3 el trabajo realizado durante este a\u00f1o de gesti\u00f3n indispensable para fortalecer la instituci\u00f3n a trav\u00e9s del Primer Congreso de las Unidades de G\u00e9nero, que dijo, es un gran paso en un hecho in\u00e9dito de la agenda de perspectiva de g\u00e9nero, y acompa\u00f1amiento que le han brindado al Protocolo Violeta en el esfuerzo para erradicar la violencia de contra las mujeres en Guerrero.<\/p>\n<p style=\"text-align: justify;\">En sesi\u00f3n extraordinaria del Consejo Consultivo de la Comisi\u00f3n de Derechos Humanos del <img loading=\"lazy\" decoding=\"async\" class=\"alignleft size-medium wp-image-1253773\" src=\"https:\/\/www.acapulcopress.com\/wp-content\/uploads\/2023\/05\/esp.cedhgro5-375x250.jpg\" alt=\"\" width=\"375\" height=\"250\" \/>Estado de Guerrero, la presidenta Cecilia Narciso Gayt\u00e1n, rindi\u00f3 su informe de Labores correspondiente al ejercicio 2022-2023, donde reconoci\u00f3 a las organizaciones y colectivos por su solidaridad y acompa\u00f1amiento en el trabajo que se realiza en el reconocimiento de los derechos humanos de las personas y grupos m\u00e1s desprotegidos.<\/p>\n<p style=\"text-align: justify;\">Tambi\u00e9n realiz\u00f3 una menci\u00f3n especial a la gobernadora Evelyn Salgado Pineda por su apoyo para caminar en la lucha por la defensa de los derechos humanos, como una aliada a trav\u00e9s de su apoyo presupuestal que ha permitido fortalecer el desarrollo institucional, el cumplimiento de las peticiones laborales de los trabajadores de base de este organismo.<\/p>\n<p style=\"text-align: justify;\">\u00abSu respaldo me fortalece, para usted mi respeto, mi agradecimiento y compromiso de <img loading=\"lazy\" decoding=\"async\" class=\"alignleft size-medium wp-image-1253777\" src=\"https:\/\/www.acapulcopress.com\/wp-content\/uploads\/2023\/05\/esp.cedhgro10-375x250.jpg\" alt=\"\" width=\"375\" height=\"250\" \/>seguir luchando por el respeto de las y los guerrerenses\u00bb, expres\u00f3 Cecilia Narciso quien recibi\u00f3 de la gobernadora Evelyn Salgado un reconocimiento por su Informe de Labores y por sus 27 a\u00f1os de trayectoria.<\/p>\n<p style=\"text-align: justify;\">Asistieron la Presidenta de la Mesa de Directiva del Congreso del Estado, Yanelly Hern\u00e1ndez Mart\u00ednez; el Presidente del Tribunal Superior de Justicia, Raymundo Casarrubias V\u00e1zquez; el Comandante de la 35 Zona Militar, Enrique Mart\u00ednez L\u00f3pez; el Comandante de la D\u00e9cima Segunda Regi\u00f3n Naval, Julio C\u00e9sar Pescina \u00c1vila; la alcaldesa de Chilpancingo, Norma Otilia Hern\u00e1ndez Mart\u00ednez; la presidenta del DIF Guerrero, Liz Salgado Pineda,\u00a0entre\u00a0otros.<\/p>\n<p style=\"text-align: justify;\"><em>) S\u00edguenos en nuestra p\u00e1gina Facebook.com\/<a href=\"https:\/\/www.facebook.com\/acapulcopress.news\" target=\"_blank\" rel=\"noopener\">acapulcopress.news<\/a><\/em><\/p>\n","protected":false},"excerpt":{"rendered":"<p>CHILPANCINGO * 19 de mayo de 2023. ) Gobierno de Guerrero \u00abSin represi\u00f3n ni persecuci\u00f3n, con di\u00e1logo y m\u00e1s di\u00e1logo podemos resolver los problemas sociales de Guerrero\u00bb, afirm\u00f3 la gobernadora Evelyn Salgado Pineda al asistir al Segundo Informe de Labores de Cecilia Narciso Gayt\u00e1n al frente de la Comisi\u00f3n de Derechos Humanos del Estado de&#8230;<\/p>\n","protected":false},"author":2,"featured_media":1253776,"comment_status":"closed","ping_status":"closed","sticky":false,"template":"","format":"standard","meta":{"footnotes":""},"categories":[1972,1983,18561],"tags":[5424,6094,8251],"class_list":["post-1253767","post","type-post","status-publish","format-standard","has-post-thumbnail","hentry","category-special","category-guerrerogob","category-society-politics","tag-cecilia-narciso-gaytan","tag-comision-de-derechos-humanos-del-estado-de-guerrero-cdheg","tag-evelyn-salgado-pineda"],"_links":{"self":[{"href":"https:\/\/www.acapulcopress.com\/index.php\/wp-json\/wp\/v2\/posts\/1253767","targetHints":{"allow":["GET"]}}],"collection":[{"href":"https:\/\/www.acapulcopress.com\/index.php\/wp-json\/wp\/v2\/posts"}],"about":[{"href":"https:\/\/www.acapulcopress.com\/index.php\/wp-json\/wp\/v2\/types\/post"}],"author":[{"embeddable":true,"href":"https:\/\/www.acapulcopress.com\/index.php\/wp-json\/wp\/v2\/users\/2"}],"replies":[{"embeddable":true,"href":"https:\/\/www.acapulcopress.com\/index.php\/wp-json\/wp\/v2\/comments?post=1253767"}],"version-history":[{"count":0,"href":"https:\/\/www.acapulcopress.com\/index.php\/wp-json\/wp\/v2\/posts\/1253767\/revisions"}],"wp:featuredmedia":[{"embeddable":true,"href":"https:\/\/www.acapulcopress.com\/index.php\/wp-json\/"}],"wp:attachment":[{"href":"https:\/\/www.acapulcopress.com\/index.php\/wp-json\/wp\/v2\/media?parent=1253767"}],"wp:term":[{"taxonomy":"category","embeddable":true,"href":"https:\/\/www.acapulcopress.com\/index.php\/wp-json\/wp\/v2\/categories?post=1253767"},{"taxonomy":"post_tag","embeddable":true,"href":"https:\/\/www.acapulcopress.com\/index.php\/wp-json\/wp\/v2\/tags?post=1253767"}],"curies":[{"name":"wp","href":"https:\/\/api.w.org\/{rel}","templated":true}]}}