{"id":1253786,"date":"2023-05-19T20:58:27","date_gmt":"2023-05-20T01:58:27","guid":{"rendered":"https:\/\/www.acapulcopress.com\/?p=1253786"},"modified":"2023-05-19T20:58:27","modified_gmt":"2023-05-20T01:58:27","slug":"guerrero-punta-de-lanza-en-el-emprendimiento-de-la-educacion-media-superior-evelyn-salgado","status":"publish","type":"post","link":"https:\/\/www.acapulcopress.com\/index.php\/2023\/05\/19\/guerrero-punta-de-lanza-en-el-emprendimiento-de-la-educacion-media-superior-evelyn-salgado\/","title":{"rendered":"Guerrero, punta de lanza en el emprendimiento de la Educaci\u00f3n Media Superior | Evelyn Salgado"},"content":{"rendered":"<p style=\"text-align: justify;\">CHILPANCINGO * 19 de mayo de 2023.<br \/>\n<em>) Gobierno de Guerrero<\/em><br \/>\n<img loading=\"lazy\" decoding=\"async\" class=\"alignleft size-medium wp-image-1253799\" src=\"https:\/\/www.acapulcopress.com\/wp-content\/uploads\/2023\/05\/esp.educ14-375x211.jpg\" alt=\"\" width=\"375\" height=\"211\" \/>La gobernadora <a href=\"https:\/\/www.facebook.com\/EvelynSalgadoP\" target=\"_blank\" rel=\"noopener\">Evelyn Salgado Pineda<\/a> encabez\u00f3 la entrega de premios del concurso estatal \u00abEmprende Edu 2023\u00bb, que fomenta e incentiva el talento y la creatividad de j\u00f3venes estudiantes de nivel medio superior a trav\u00e9s del desarrollo de proyectos empresariales, siendo Guerrero punta de lanza en el impulso del emprendimiento en la educaci\u00f3n.<\/p>\n<p style=\"text-align: justify;\">Con la presencia del conferencista Marcus Dantus, fundador y presidente de Startup Me\u0301xico, Managing Partner en Dux-capital, la mandataria estatal puntualiz\u00f3 que tiene \u00abGuerreros y guerreras de empredimiento\u00bb, nombre que denominar\u00e1 al pr\u00f3ximo programa de gobierno para impulsar la creatividad de los j\u00f3venes en proyectos empresariales.<\/p>\n<p style=\"text-align: justify;\"><img loading=\"lazy\" decoding=\"async\" class=\"alignleft size-medium wp-image-1253788\" src=\"https:\/\/www.acapulcopress.com\/wp-content\/uploads\/2023\/05\/esp.educ2_-375x250.jpg\" alt=\"\" width=\"375\" height=\"250\" \/>La gobernadora reconoci\u00f3 el esfuerzo extraordinario de cada uno de los 796 proyectos que se registraron para la edici\u00f3n Emprende Edu 2023, seleccionando las propuestas de ocho ganadores, fomentando el emprendimiento y talento de la juventud guerrerense de educaci\u00f3n media superior.<\/p>\n<p style=\"text-align: justify;\">\u00abEste gobierno ha promovido esta estrategia integral para impulsar esta cultura desde dos grandes ejes como la revoluci\u00f3n educativa y la gran revoluci\u00f3n de conciencias. Tenemos todo para salir adelante, mucho coraz\u00f3n, nuestra voluntad y esp\u00edritu guerrero\u00bb, expres\u00f3 la gobernadora Evelyn Salgado.<\/p>\n<p style=\"text-align: justify;\">Durante este evento realizado en el auditorio Jos\u00e9 Joaqu\u00edn de Herrera, la jefa del Ejecutivo Estatal, Evelyn Salgado entreg\u00f3 de manera simb\u00f3lica el premio a primer lugar con el <img loading=\"lazy\" decoding=\"async\" class=\"alignleft size-medium wp-image-1253795\" src=\"https:\/\/www.acapulcopress.com\/wp-content\/uploads\/2023\/05\/esp.educ9_-375x251.jpg\" alt=\"\" width=\"375\" height=\"251\" \/>proyecto \u00abPato Acu\u00e1tico\u00bb a la estudiante Camila Nicol\u00e1s Nieves del Colegio de Bachilleres por cooperaci\u00f3n del Papayo, Municipio de Coyuca de Ben\u00edtez.<\/p>\n<p style=\"text-align: justify;\">Tambi\u00e9n recibieron premios por regi\u00f3n, el alumno Francisco Fuentes Cruz del Colegio de Bachilleres de Pilcaya; tambi\u00e9n el alumno Carlos Andr\u00e9s Mancera con el proyecto, \u00abRaspados Nancy y Asociados\u00bb, del Colegio de Bachilleres plantel 05, de Coyuca de Catal\u00e1n; el estudiante Yadira Castrej\u00f3n Ortiz por el proyecto \u00abEco Gas\u00bb representando al Cbtis 134 de Chilpancingo de los Bravo.<\/p>\n<p style=\"text-align: justify;\">Asu vez, por la Costa Chica fue seleccionado el proyecto \u00abElaboraci\u00f3n De Carteras a Base de Piel de Pescado (ECOWALLET)\u00bb de la alumna Betzaida P\u00e9rez Mar\u00edn del Telebachillerato <img loading=\"lazy\" decoding=\"async\" class=\"alignleft size-medium wp-image-1253787\" src=\"https:\/\/www.acapulcopress.com\/wp-content\/uploads\/2023\/05\/esp.educ_-375x250.jpg\" alt=\"\" width=\"375\" height=\"250\" \/>Comunitario 074, de Barra de Tecoanapa, Marquelia; por la regi\u00f3n Acapulco participaron con el proyecto Saneamiento del agua mediante la implementaci\u00f3n de compactadores de basura ecol\u00f3gicos, del Colegio de Bachilleres plantel 42 Adolfo Ru\u00edz Cort\u00ednez.<\/p>\n<p style=\"text-align: justify;\">Mientras que por la Sierra recibi\u00f3 premio el proyecto \u201cGomita a base de extracto de nopal\u00bb, con un toque de mezcal de maguey con saborizantes naturales de frutas t\u00edpicas de Carrizal de Bravo, del CECYTE plantel 06, de Filo De Caballo de Leonardo Bravo, as\u00ed como, por la regi\u00f3n Monta\u00f1a el proyecto \u201cCarros Reciclados\u201d, de la Preparatoria No. 11 de Tlapa Comonfort.<\/p>\n<p style=\"text-align: justify;\">Asistieron al evento la secretaria de Fomento y Desarrollo Econ\u00f3mico, Teodora Ram\u00edrez Vega; el Secretario de Finanzas y Administraci\u00f3n, Raymundo Segura Estrada; el titular del Instituto Guerrerense del Emprendedor, Geovanny Navarro Castorena y el director de proyectos y financiamiento del INGE, Carlos S\u00e1nchez Garc\u00eda,\u00a0entre\u00a0otros.<\/p>\n\n<p style=\"text-align: justify;\"><em>) S\u00edguenos en nuestra p\u00e1gina Facebook.com\/<a href=\"https:\/\/www.facebook.com\/acapulcopress.news\" target=\"_blank\" rel=\"noopener\">acapulcopress.news<\/a><\/em><\/p>\n","protected":false},"excerpt":{"rendered":"<p>CHILPANCINGO * 19 de mayo de 2023. ) Gobierno de Guerrero La gobernadora Evelyn Salgado Pineda encabez\u00f3 la entrega de premios del concurso estatal \u00abEmprende Edu 2023\u00bb, que fomenta e incentiva el talento y la creatividad de j\u00f3venes estudiantes de nivel medio superior a trav\u00e9s del desarrollo de proyectos empresariales, siendo Guerrero punta de lanza&#8230;<\/p>\n","protected":false},"author":2,"featured_media":1253797,"comment_status":"closed","ping_status":"closed","sticky":false,"template":"","format":"standard","meta":{"footnotes":""},"categories":[1983,18561],"tags":[12500,16864],"class_list":["post-1253786","post","type-post","status-publish","format-standard","has-post-thumbnail","hentry","category-guerrerogob","category-society-politics","tag-marcus-dantus","tag-startup-mexico"],"_links":{"self":[{"href":"https:\/\/www.acapulcopress.com\/index.php\/wp-json\/wp\/v2\/posts\/1253786","targetHints":{"allow":["GET"]}}],"collection":[{"href":"https:\/\/www.acapulcopress.com\/index.php\/wp-json\/wp\/v2\/posts"}],"about":[{"href":"https:\/\/www.acapulcopress.com\/index.php\/wp-json\/wp\/v2\/types\/post"}],"author":[{"embeddable":true,"href":"https:\/\/www.acapulcopress.com\/index.php\/wp-json\/wp\/v2\/users\/2"}],"replies":[{"embeddable":true,"href":"https:\/\/www.acapulcopress.com\/index.php\/wp-json\/wp\/v2\/comments?post=1253786"}],"version-history":[{"count":0,"href":"https:\/\/www.acapulcopress.com\/index.php\/wp-json\/wp\/v2\/posts\/1253786\/revisions"}],"wp:featuredmedia":[{"embeddable":true,"href":"https:\/\/www.acapulcopress.com\/index.php\/wp-json\/"}],"wp:attachment":[{"href":"https:\/\/www.acapulcopress.com\/index.php\/wp-json\/wp\/v2\/media?parent=1253786"}],"wp:term":[{"taxonomy":"category","embeddable":true,"href":"https:\/\/www.acapulcopress.com\/index.php\/wp-json\/wp\/v2\/categories?post=1253786"},{"taxonomy":"post_tag","embeddable":true,"href":"https:\/\/www.acapulcopress.com\/index.php\/wp-json\/wp\/v2\/tags?post=1253786"}],"curies":[{"name":"wp","href":"https:\/\/api.w.org\/{rel}","templated":true}]}}