{"id":1253813,"date":"2023-05-19T21:56:47","date_gmt":"2023-05-20T02:56:47","guid":{"rendered":"https:\/\/www.acapulcopress.com\/?p=1253813"},"modified":"2023-05-19T21:56:47","modified_gmt":"2023-05-20T02:56:47","slug":"mexico-un-infierno-de-desapariciones-de-mauleon","status":"publish","type":"post","link":"https:\/\/www.acapulcopress.com\/index.php\/2023\/05\/19\/mexico-un-infierno-de-desapariciones-de-mauleon\/","title":{"rendered":"M\u00e9xico, un infierno de desapariciones | De Maule\u00f3n"},"content":{"rendered":"<p style=\"text-align: justify;\">CIUDAD DE M\u00c9XICO * 19 de mayo de 2023.<br \/>\n<em>) <a href=\"https:\/\/latinus.us\/2023\/05\/19\/en-opinion-de-hector-de-mauleon-mexico-un-infierno-de-desapariciones\/\" target=\"_blank\" rel=\"noopener\">LatinUs\u00a0<\/a><br \/>\n<\/em>H\u00e9ctor de Maule\u00f3n alerta sobre el incremento de las desapariciones forzadas a\u00f1o tras a\u00f1o en todo el pa\u00eds, especialmente en entidades como el Estado de M\u00e9xico, Michoac\u00e1n y Veracruz. El analista advierte que cerca de mil personas son plagiadas cada mes en M\u00e9xico, sin embargo, se\u00f1ala que hay un subregistro de cifras debido a la ausencia de denuncias por el temor de los familiares a sufrir represalias.<\/p>\n<div style=\"width: 1160px;\" class=\"wp-video\"><video class=\"wp-video-shortcode\" id=\"video-1253813-1\" width=\"1160\" height=\"653\" preload=\"metadata\" controls=\"controls\"><source type=\"video\/mp4\" src=\"https:\/\/www.acapulcopress.com\/wp-content\/uploads\/2023\/05\/Mexico-un-infierno-de-desapariciones.mp4?_=1\" \/><a href=\"https:\/\/www.acapulcopress.com\/wp-content\/uploads\/2023\/05\/Mexico-un-infierno-de-desapariciones.mp4\">https:\/\/www.acapulcopress.com\/wp-content\/uploads\/2023\/05\/Mexico-un-infierno-de-desapariciones.mp4<\/a><\/video><\/div>\n<p><em>) S\u00edguenos en nuestra p\u00e1gina Facebook.com\/<a href=\"https:\/\/www.facebook.com\/acapulcopress.news\" target=\"_blank\" rel=\"noopener\">acapulcopress.news<\/a><\/em><\/p>\n","protected":false},"excerpt":{"rendered":"<p>CIUDAD DE M\u00c9XICO * 19 de mayo de 2023. ) LatinUs\u00a0 H\u00e9ctor de Maule\u00f3n alerta sobre el incremento de las desapariciones forzadas a\u00f1o tras a\u00f1o en todo el pa\u00eds, especialmente en entidades como el Estado de M\u00e9xico, Michoac\u00e1n y Veracruz. El analista advierte que cerca de mil personas son plagiadas cada mes en M\u00e9xico, sin&#8230;<\/p>\n","protected":false},"author":2,"featured_media":1253815,"comment_status":"closed","ping_status":"closed","sticky":false,"template":"","format":"standard","meta":{"footnotes":""},"categories":[1997],"tags":[9716],"class_list":["post-1253813","post","type-post","status-publish","format-standard","has-post-thumbnail","hentry","category-noticias-destacadas","tag-hector-de-mauleon"],"_links":{"self":[{"href":"https:\/\/www.acapulcopress.com\/index.php\/wp-json\/wp\/v2\/posts\/1253813","targetHints":{"allow":["GET"]}}],"collection":[{"href":"https:\/\/www.acapulcopress.com\/index.php\/wp-json\/wp\/v2\/posts"}],"about":[{"href":"https:\/\/www.acapulcopress.com\/index.php\/wp-json\/wp\/v2\/types\/post"}],"author":[{"embeddable":true,"href":"https:\/\/www.acapulcopress.com\/index.php\/wp-json\/wp\/v2\/users\/2"}],"replies":[{"embeddable":true,"href":"https:\/\/www.acapulcopress.com\/index.php\/wp-json\/wp\/v2\/comments?post=1253813"}],"version-history":[{"count":0,"href":"https:\/\/www.acapulcopress.com\/index.php\/wp-json\/wp\/v2\/posts\/1253813\/revisions"}],"wp:featuredmedia":[{"embeddable":true,"href":"https:\/\/www.acapulcopress.com\/index.php\/wp-json\/"}],"wp:attachment":[{"href":"https:\/\/www.acapulcopress.com\/index.php\/wp-json\/wp\/v2\/media?parent=1253813"}],"wp:term":[{"taxonomy":"category","embeddable":true,"href":"https:\/\/www.acapulcopress.com\/index.php\/wp-json\/wp\/v2\/categories?post=1253813"},{"taxonomy":"post_tag","embeddable":true,"href":"https:\/\/www.acapulcopress.com\/index.php\/wp-json\/wp\/v2\/tags?post=1253813"}],"curies":[{"name":"wp","href":"https:\/\/api.w.org\/{rel}","templated":true}]}}