{"id":1253927,"date":"2023-05-22T21:27:51","date_gmt":"2023-05-23T02:27:51","guid":{"rendered":"https:\/\/www.acapulcopress.com\/?p=1253927"},"modified":"2023-05-22T21:27:51","modified_gmt":"2023-05-23T02:27:51","slug":"inauguro-gobernadora-evelyn-salgado-nuevo-almacen-central-de-la-secretaria-de-salud","status":"publish","type":"post","link":"https:\/\/www.acapulcopress.com\/index.php\/2023\/05\/22\/inauguro-gobernadora-evelyn-salgado-nuevo-almacen-central-de-la-secretaria-de-salud\/","title":{"rendered":"Inaugur\u00f3 Gobernadora Evelyn Salgado nuevo Almac\u00e9n Central de la Secretar\u00eda de Salud"},"content":{"rendered":"<p style=\"text-align: justify;\">CHILPANCINGO * 22 de mayo de 2023.<br \/>\n<em>) Gobierno de Guerrero<\/em><br \/>\nLa gobernadora <a href=\"https:\/\/www.facebook.com\/EvelynSalgadoP\" target=\"_blank\" rel=\"noopener\">Evelyn Salgado Pineda<\/a> inaugur\u00f3 el nuevo Almac\u00e9n Central de la Secretar\u00eda <img loading=\"lazy\" decoding=\"async\" class=\"alignleft size-medium wp-image-1253936\" src=\"https:\/\/www.acapulcopress.com\/wp-content\/uploads\/2023\/05\/ALMACEN-SALUD10-375x250.jpg\" alt=\"\" width=\"375\" height=\"250\" \/>de Salud con una inversi\u00f3n superior a los 72 millones de pesos en infraestructura y equipamiento, para garantizar el abasto de insumos y medicamentos con eficiencia en las siete jurisdicciones regionales, 16 hospitales generales y 25 hospitales b\u00e1sicos comunitarios que tiene la red de sanitaria de Guerrero.<\/p>\n<p style=\"text-align: justify;\">\u00abNo hay nada m\u00e1s importante que la salud y la vida de las y los guerrerenses, no tenemos que escatimar en dinero, no lo vemos como un gasto, lo vemos como una muy buena inversi\u00f3n por eso me da mucho gusto inaugurar este almac\u00e9n totalmente nuevo y funcional\u00bb, afirm\u00f3 la gobernadora.<\/p>\n<p style=\"text-align: justify;\">La mandataria estatal puntualiz\u00f3 que este inmueble es indispensable para mejorar las condiciones de trabajo, atendiendo el rezago que ten\u00eda Guerrero en infraestructura para la <img loading=\"lazy\" decoding=\"async\" class=\"alignleft size-medium wp-image-1253932\" src=\"https:\/\/www.acapulcopress.com\/wp-content\/uploads\/2023\/05\/ALMACEN-SALUD5-375x250.jpg\" alt=\"\" width=\"375\" height=\"250\" \/>distribuci\u00f3n de los medicamentos de la Secretar\u00eda de Salud, con el respaldo y compromiso del presidente Andr\u00e9s Manuel L\u00f3pez Obrador.<\/p>\n<p style=\"text-align: justify;\">\u00abHemos atendido este rezago de abasto de medicamentos, de especialistas, la Monta\u00f1a como nunca antes est\u00e1 siendo atendida en todo lo que es salud, antes hab\u00eda un rezago impresionante, la Sierra tambi\u00e9n se est\u00e1 atendiendo, Tierra Caliente y todas las regiones que ten\u00edan este alto grado de marginaci\u00f3n hoy se est\u00e1 atendiendo\u00bb, expres\u00f3 Evelyn Salgado.<\/p>\n<p style=\"text-align: justify;\">La gobernadora se\u00f1al\u00f3 que estas acciones son parte de la estrategia integral para garantizar el derecho a la salud y que este no sea un privilegio de unos cuantos, sino para todas y todos los guerrerenses, cumpliendo con este compromiso de tener un almac\u00e9n de <img loading=\"lazy\" decoding=\"async\" class=\"alignleft size-medium wp-image-1253930\" src=\"https:\/\/www.acapulcopress.com\/wp-content\/uploads\/2023\/05\/ALMACEN-SALUD3-375x250.jpg\" alt=\"\" width=\"375\" height=\"250\" \/>alto nivel que fue posible gracias al combate de la corrupci\u00f3n y el manejo de los recursos con austeridad, de la mano del gobierno federal, principalmente con el apoyo del Insabi y su titular, Juan Antonio Ferrer Aguilar.<\/p>\n<p style=\"text-align: justify;\">Evelyn Salgado Pineda, acompa\u00f1ada por el secretaria de Salud, Aid\u00e9 Ibarez Castro devel\u00f3 la placa inaugural y realiz\u00f3 un recorrido por todas las \u00e1reas del almac\u00e9n donde fueron explicados los procesos y la funci\u00f3n que realiza el personal, para que los medicamentos lleguen a tiempo a los pacientes.<\/p>\n<p style=\"text-align: justify;\">\u00abReafirmamos este compromiso, tenemos que trabajar incansablemente sobre todo en este sector que es prioritario para el estado y vamos a seguir apoyando en todo lo que se <img loading=\"lazy\" decoding=\"async\" class=\"alignleft size-medium wp-image-1253937\" src=\"https:\/\/www.acapulcopress.com\/wp-content\/uploads\/2023\/05\/ALMACEN-SALUD11-375x204.jpg\" alt=\"\" width=\"375\" height=\"204\" \/>requiera\u00bb, afirm\u00f3 Evelyn Salgado Pineda.<\/p>\n<p style=\"text-align: justify;\">Las nuevas instalaciones cuentan con infraestructura de primer nivel, equipamiento, c\u00e1mara fr\u00eda, camiones de carga, adecuaciones, aires acondicionados, sistema contra incendios, alerta s\u00edsmica, adem\u00e1s de dotar de uniformes y vestuario al personal, entre otros con una inversi\u00f3n superior a los 72 millones de pesos.<\/p>\n<p>Por su parte, Horacio Renato Ortega, encargado del \u00e1rea de medicamentos del almac\u00e9n central, resalt\u00f3 la importancia de esta obra hist\u00f3rica para el sistema de salud en el estado, que gracias al trabajo de la gobernadora Evelyn Salgado es posible este sue\u00f1o para las y los\u00a0trabajadores.<\/p>\n<p style=\"text-align: justify;\"><em>) S\u00edguenos en nuestra p\u00e1gina Facebook.com\/<a href=\"https:\/\/www.facebook.com\/acapulcopress.news\" target=\"_blank\" rel=\"noopener\">acapulcopress.news<\/a><\/em><\/p>\n","protected":false},"excerpt":{"rendered":"<p>CHILPANCINGO * 22 de mayo de 2023. ) Gobierno de Guerrero La gobernadora Evelyn Salgado Pineda inaugur\u00f3 el nuevo Almac\u00e9n Central de la Secretar\u00eda de Salud con una inversi\u00f3n superior a los 72 millones de pesos en infraestructura y equipamiento, para garantizar el abasto de insumos y medicamentos con eficiencia en las siete jurisdicciones regionales,&#8230;<\/p>\n","protected":false},"author":2,"featured_media":1253934,"comment_status":"closed","ping_status":"closed","sticky":false,"template":"","format":"standard","meta":{"footnotes":""},"categories":[1972,1983,18561],"tags":[3712,8251,9302],"class_list":["post-1253927","post","type-post","status-publish","format-standard","has-post-thumbnail","hentry","category-special","category-guerrerogob","category-society-politics","tag-almacen-central-de-la-secretaria-de-salud","tag-evelyn-salgado-pineda","tag-gobierno-de-guerrero"],"_links":{"self":[{"href":"https:\/\/www.acapulcopress.com\/index.php\/wp-json\/wp\/v2\/posts\/1253927","targetHints":{"allow":["GET"]}}],"collection":[{"href":"https:\/\/www.acapulcopress.com\/index.php\/wp-json\/wp\/v2\/posts"}],"about":[{"href":"https:\/\/www.acapulcopress.com\/index.php\/wp-json\/wp\/v2\/types\/post"}],"author":[{"embeddable":true,"href":"https:\/\/www.acapulcopress.com\/index.php\/wp-json\/wp\/v2\/users\/2"}],"replies":[{"embeddable":true,"href":"https:\/\/www.acapulcopress.com\/index.php\/wp-json\/wp\/v2\/comments?post=1253927"}],"version-history":[{"count":0,"href":"https:\/\/www.acapulcopress.com\/index.php\/wp-json\/wp\/v2\/posts\/1253927\/revisions"}],"wp:featuredmedia":[{"embeddable":true,"href":"https:\/\/www.acapulcopress.com\/index.php\/wp-json\/"}],"wp:attachment":[{"href":"https:\/\/www.acapulcopress.com\/index.php\/wp-json\/wp\/v2\/media?parent=1253927"}],"wp:term":[{"taxonomy":"category","embeddable":true,"href":"https:\/\/www.acapulcopress.com\/index.php\/wp-json\/wp\/v2\/categories?post=1253927"},{"taxonomy":"post_tag","embeddable":true,"href":"https:\/\/www.acapulcopress.com\/index.php\/wp-json\/wp\/v2\/tags?post=1253927"}],"curies":[{"name":"wp","href":"https:\/\/api.w.org\/{rel}","templated":true}]}}