{"id":1253961,"date":"2023-05-23T19:12:10","date_gmt":"2023-05-24T00:12:10","guid":{"rendered":"https:\/\/www.acapulcopress.com\/?p=1253961"},"modified":"2023-05-23T19:12:10","modified_gmt":"2023-05-24T00:12:10","slug":"culminaron-difgro-y-semujer-taller-de-derechos-para-ninos-en-tlacoachistlahuaca","status":"publish","type":"post","link":"https:\/\/www.acapulcopress.com\/index.php\/2023\/05\/23\/culminaron-difgro-y-semujer-taller-de-derechos-para-ninos-en-tlacoachistlahuaca\/","title":{"rendered":"Culminaron #DIFGro y Semujer taller de derechos para ni\u00f1os en Tlacoachistlahuaca"},"content":{"rendered":"<p style=\"text-align: justify;\">TLACOASCHITLAHUACA * 23 de mayo de 2023.<br \/>\n<em>) Gobierno de Guerrero<br \/>\n<\/em><img loading=\"lazy\" decoding=\"async\" class=\"alignleft size-medium wp-image-1253964\" src=\"https:\/\/www.acapulcopress.com\/wp-content\/uploads\/2023\/05\/DIFGRO3-375x281.jpg\" alt=\"\" width=\"375\" height=\"281\" \/>La <a href=\"https:\/\/www.facebook.com\/semujerguerrero\" target=\"_blank\" rel=\"noopener\">Secretar\u00eda de la Mujer<\/a> (Semujer), en coordinaci\u00f3n con el <a href=\"https:\/\/www.facebook.com\/SistemaDIFGuerrero\" target=\"_blank\" rel=\"noopener\">DIF Guerrero<\/a>, impartieron el Taller Regional \u00abFortalecimiento de Capacidades Institucionales para Promover el Derecho de las Ni\u00f1as, Ni\u00f1os y Adolescentes a una Vida Libre de Violencia\u00bb, en el municipio de Tlacoachistlahuaca, ubicado en la regi\u00f3n de la Costa Chica.<\/p>\n<p style=\"text-align: justify;\">Este taller se realiz\u00f3 como parte de la Estrategia Integral para la Justicia y el Bienestar de las Mujeres y las ni\u00f1as de las regiones Monta\u00f1a y Costa Chica, el cual fue dirigido a s\u00edndicos, procuradores y personal del DIF municipal de Tlacoachistlahuaca y San Luis Acatl\u00e1n.<\/p>\n<p style=\"text-align: justify;\">La titular se la Semujer, Violeta Pino Gir\u00f3n resalt\u00f3 que el gobierno del estado que encabeza la gobernadora Evelyn Salgado Pineda contin\u00faa realizando acciones para <img loading=\"lazy\" decoding=\"async\" class=\"alignleft size-medium wp-image-1253962\" src=\"https:\/\/www.acapulcopress.com\/wp-content\/uploads\/2023\/05\/DIFGRO-375x281.jpg\" alt=\"\" width=\"375\" height=\"281\" \/>concientizar a la poblaci\u00f3n de las comunidades y municipios sobre la prevenci\u00f3n de la violencia contra las ni\u00f1as, ni\u00f1os y adolescentes.<\/p>\n<p style=\"text-align: justify;\">Estas capacitaciones se brindaron en el municipio de Tlacoachistlahuaca y tuvieron como objetivo fortalecer las capacidades institucionales para la protecci\u00f3n de los derechos de las ni\u00f1as, ni\u00f1os y adolescentes, impartida por el Procurador Estatal de Protecci\u00f3n a Ni\u00f1as, Ni\u00f1os y Adolescentes del Sistema DIF Guerrero, Mart\u00edn Yactybany Ram\u00edrez.<\/p>\n<p style=\"text-align: justify;\">Asistieron la presidenta municipal de Tlacoachistlahuaca, Yanet Sara\u00ed Pineda Arce; la presidenta del DIF Municipal de San Luis Acatl\u00e1n, Margarita Josefina Mart\u00ednez Cruz y la delegada de la Semujer en la Costa Chica, Alma Delia\u00a0F\u00e9lix\u00a0Zacar\u00edas.<\/p>\n<p style=\"text-align: justify;\"><em>) S\u00edguenos en nuestra p\u00e1gina Facebook.com\/<a href=\"https:\/\/www.facebook.com\/acapulcopress.news\" target=\"_blank\" rel=\"noopener\">acapulcopress.news<\/a><\/em><\/p>\n","protected":false},"excerpt":{"rendered":"<p>TLACOASCHITLAHUACA * 23 de mayo de 2023. ) Gobierno de Guerrero La Secretar\u00eda de la Mujer (Semujer), en coordinaci\u00f3n con el DIF Guerrero, impartieron el Taller Regional \u00abFortalecimiento de Capacidades Institucionales para Promover el Derecho de las Ni\u00f1as, Ni\u00f1os y Adolescentes a una Vida Libre de Violencia\u00bb, en el municipio de Tlacoachistlahuaca, ubicado en la&#8230;<\/p>\n","protected":false},"author":2,"featured_media":1253965,"comment_status":"closed","ping_status":"closed","sticky":false,"template":"","format":"standard","meta":{"footnotes":""},"categories":[1983,18561],"tags":[7313,16214,16217],"class_list":["post-1253961","post","type-post","status-publish","format-standard","has-post-thumbnail","hentry","category-guerrerogob","category-society-politics","tag-dif-guerrero","tag-secretaria-de-la-mujer","tag-secretaria-de-la-mujer-guerrero-semujer"],"_links":{"self":[{"href":"https:\/\/www.acapulcopress.com\/index.php\/wp-json\/wp\/v2\/posts\/1253961","targetHints":{"allow":["GET"]}}],"collection":[{"href":"https:\/\/www.acapulcopress.com\/index.php\/wp-json\/wp\/v2\/posts"}],"about":[{"href":"https:\/\/www.acapulcopress.com\/index.php\/wp-json\/wp\/v2\/types\/post"}],"author":[{"embeddable":true,"href":"https:\/\/www.acapulcopress.com\/index.php\/wp-json\/wp\/v2\/users\/2"}],"replies":[{"embeddable":true,"href":"https:\/\/www.acapulcopress.com\/index.php\/wp-json\/wp\/v2\/comments?post=1253961"}],"version-history":[{"count":0,"href":"https:\/\/www.acapulcopress.com\/index.php\/wp-json\/wp\/v2\/posts\/1253961\/revisions"}],"wp:featuredmedia":[{"embeddable":true,"href":"https:\/\/www.acapulcopress.com\/index.php\/wp-json\/"}],"wp:attachment":[{"href":"https:\/\/www.acapulcopress.com\/index.php\/wp-json\/wp\/v2\/media?parent=1253961"}],"wp:term":[{"taxonomy":"category","embeddable":true,"href":"https:\/\/www.acapulcopress.com\/index.php\/wp-json\/wp\/v2\/categories?post=1253961"},{"taxonomy":"post_tag","embeddable":true,"href":"https:\/\/www.acapulcopress.com\/index.php\/wp-json\/wp\/v2\/tags?post=1253961"}],"curies":[{"name":"wp","href":"https:\/\/api.w.org\/{rel}","templated":true}]}}