{"id":1253979,"date":"2023-05-23T20:38:47","date_gmt":"2023-05-24T01:38:47","guid":{"rendered":"https:\/\/www.acapulcopress.com\/?p=1253979"},"modified":"2023-05-23T20:38:47","modified_gmt":"2023-05-24T01:38:47","slug":"instalan-en-guerrero-grupo-especial-de-atencion-a-migrantes-y-jornaleros-agricolas","status":"publish","type":"post","link":"https:\/\/www.acapulcopress.com\/index.php\/2023\/05\/23\/instalan-en-guerrero-grupo-especial-de-atencion-a-migrantes-y-jornaleros-agricolas\/","title":{"rendered":"Instalan en Guerrero Grupo Especial de Atenci\u00f3n a Migrantes y Jornaleros Agr\u00edcolas"},"content":{"rendered":"<p style=\"text-align: justify;\">CHILPANCINGO * 23 de mayo de 2023.<br \/>\n<em>) Gobierno de Guerrero<\/em><br \/>\nCon la finalidad de crear pol\u00edticas p\u00fablicas y programas que se ubiquen en el centro de los <img loading=\"lazy\" decoding=\"async\" class=\"alignleft size-medium wp-image-1253983\" src=\"https:\/\/www.acapulcopress.com\/wp-content\/uploads\/2023\/05\/IMG-20230523-WA0044-375x234.jpg\" alt=\"\" width=\"375\" height=\"234\" \/>derechos humanos de las personas en movilidad, el gobierno de Guerrero a trav\u00e9s de la <a href=\"https:\/\/www.facebook.com\/SEMAIGuerrero\" target=\"_blank\" rel=\"noopener\">Secretar\u00eda del Migrante y Asuntos Internacionales<\/a> (SEMAI), junto a la <a href=\"https:\/\/www.facebook.com\/SecretariadeGobernacion\" target=\"_blank\" rel=\"noopener\">Secretar\u00eda de Gobernaci\u00f3n<\/a> federal (Segob), v\u00eda zoom crearon el Grupo Especial de Atenci\u00f3n a Guerrero, formulado al interior del Consejo Consultivo de Pol\u00edticas Migratorias, el cual servir\u00e1 para atender de manera coordinada tres principales problem\u00e1ticas sociales: Migraci\u00f3n de ni\u00f1as, ni\u00f1os y adolescentes; movilidad de jornaleros agr\u00edcolas y desplazamiento forzado interno.<\/p>\n<p style=\"text-align: justify;\">\u201cComo gobierno, tomamos la decisi\u00f3n responsable de no voltear la cara ante los problemas; por el contrario, asumimos con acci\u00f3n y compromiso los retos que tenemos frente a nosotros\u201d, afirm\u00f3 la titular de la SEMAI, Silvia Rivera Carbajal, durante el mensaje de instalaci\u00f3n.<\/p>\n<p style=\"text-align: justify;\">En este sentido, la Jefa de la Unidad de Pol\u00edtica Migratoria, Registro e Identidad de Personas de la Segob, Roc\u00edo Gonz\u00e1lez Higuera, destac\u00f3 el trabajo que se realiza en Guerrero para proteger, promover y garantizar los derechos humanos de las personas en situaci\u00f3n de movilidad, ya que nuestra entidad \u201ctiene una larga tradici\u00f3n migratoria, la cual <img loading=\"lazy\" decoding=\"async\" class=\"alignleft size-medium wp-image-1253980\" src=\"https:\/\/www.acapulcopress.com\/wp-content\/uploads\/2023\/05\/IMG-20230523-WA0041-375x281.jpg\" alt=\"\" width=\"375\" height=\"281\" \/>ha hecho necesario el fortalecimiento de las capacidades para hacerle frente a todos los retos que esto representa\u201d.<\/p>\n<p style=\"text-align: justify;\">Por su parte, la directora de Pol\u00edtica para la Protecci\u00f3n e Integraci\u00f3n de Migrantes de la SEGOB, Diana Jeannette Garc\u00eda Arreola, destac\u00f3 que Guerrero es una de las cuatro entidades con Secretar\u00eda del Migrante, lo cual \u201cdestaca lo prioritario que el tema es para el estado\u201d.<\/p>\n<p style=\"text-align: justify;\">Adem\u00e1s, subray\u00f3 que Guerrero y Zacatecas son las \u00fanicas entidades que cuentan con un marco normativo especializado en materia migratoria y desplazamiento forzado interno.<\/p>\n<p style=\"text-align: justify;\">Durante la reuni\u00f3n, los representantes de las diferentes dependencias federales y estatales, as\u00ed como organismos internacionales, se sumaron a la propuesta integral de atenci\u00f3n en estos tres fen\u00f3menos migratorios.<\/p>\n<p style=\"text-align: justify;\">Por \u00faltimo, Rivera Carbajal, destac\u00f3 que la actual administraci\u00f3n estatal que encabeza la gobernadora Evelyn Salgado Pineda, realiza acciones en favor de la poblaci\u00f3n migrante, creando canales con dependencias federales y asociaciones internacionales para garantizar los derechos humanos de este sector, as\u00ed como apoyos y beneficios para\u00a0sus\u00a0familias.<\/p>\n<p style=\"text-align: justify;\"><em>) S\u00edguenos en nuestra p\u00e1gina Facebook.com\/<a href=\"https:\/\/www.facebook.com\/acapulcopress.news\" target=\"_blank\" rel=\"noopener\">acapulcopress.news<\/a><\/em><\/p>\n","protected":false},"excerpt":{"rendered":"<p>CHILPANCINGO * 23 de mayo de 2023. ) Gobierno de Guerrero Con la finalidad de crear pol\u00edticas p\u00fablicas y programas que se ubiquen en el centro de los derechos humanos de las personas en movilidad, el gobierno de Guerrero a trav\u00e9s de la Secretar\u00eda del Migrante y Asuntos Internacionales (SEMAI), junto a la Secretar\u00eda de&#8230;<\/p>\n","protected":false},"author":2,"featured_media":1253982,"comment_status":"closed","ping_status":"closed","sticky":false,"template":"","format":"standard","meta":{"footnotes":""},"categories":[1972,1983,18561],"tags":[6413,9443,16308,16630],"class_list":["post-1253979","post","type-post","status-publish","format-standard","has-post-thumbnail","hentry","category-special","category-guerrerogob","category-society-politics","tag-consejo-consultivo-de-politicas-migratorias","tag-grupo-especial-de-atencion-a-migrantes-y-jornaleros-agricolas-de-guerrero","tag-secretaria-del-migrante-y-asuntos-internacionales-semai","tag-silvia-rivera-carbajal"],"_links":{"self":[{"href":"https:\/\/www.acapulcopress.com\/index.php\/wp-json\/wp\/v2\/posts\/1253979","targetHints":{"allow":["GET"]}}],"collection":[{"href":"https:\/\/www.acapulcopress.com\/index.php\/wp-json\/wp\/v2\/posts"}],"about":[{"href":"https:\/\/www.acapulcopress.com\/index.php\/wp-json\/wp\/v2\/types\/post"}],"author":[{"embeddable":true,"href":"https:\/\/www.acapulcopress.com\/index.php\/wp-json\/wp\/v2\/users\/2"}],"replies":[{"embeddable":true,"href":"https:\/\/www.acapulcopress.com\/index.php\/wp-json\/wp\/v2\/comments?post=1253979"}],"version-history":[{"count":0,"href":"https:\/\/www.acapulcopress.com\/index.php\/wp-json\/wp\/v2\/posts\/1253979\/revisions"}],"wp:featuredmedia":[{"embeddable":true,"href":"https:\/\/www.acapulcopress.com\/index.php\/wp-json\/"}],"wp:attachment":[{"href":"https:\/\/www.acapulcopress.com\/index.php\/wp-json\/wp\/v2\/media?parent=1253979"}],"wp:term":[{"taxonomy":"category","embeddable":true,"href":"https:\/\/www.acapulcopress.com\/index.php\/wp-json\/wp\/v2\/categories?post=1253979"},{"taxonomy":"post_tag","embeddable":true,"href":"https:\/\/www.acapulcopress.com\/index.php\/wp-json\/wp\/v2\/tags?post=1253979"}],"curies":[{"name":"wp","href":"https:\/\/api.w.org\/{rel}","templated":true}]}}