{"id":1253987,"date":"2023-05-23T21:11:46","date_gmt":"2023-05-24T02:11:46","guid":{"rendered":"https:\/\/www.acapulcopress.com\/?p=1253987"},"modified":"2023-05-23T21:11:46","modified_gmt":"2023-05-24T02:11:46","slug":"evelyn-salgado-y-jorge-campos-unen-fuerza-por-guerrero","status":"publish","type":"post","link":"https:\/\/www.acapulcopress.com\/index.php\/2023\/05\/23\/evelyn-salgado-y-jorge-campos-unen-fuerza-por-guerrero\/","title":{"rendered":"Evelyn Salgado y Jorge Campos unen fuerza por Guerrero"},"content":{"rendered":"<div class=\"xdj266r x11i5rnm xat24cr x1mh8g0r x1vvkbs x126k92a\">\n<div dir=\"auto\" style=\"text-align: justify;\">CHILPANCINGO * 23 de mayo de 2023.<\/div>\n<\/div>\n<div class=\"x11i5rnm xat24cr x1mh8g0r x1vvkbs xtlvy1s x126k92a\" style=\"text-align: justify;\">\n<div dir=\"auto\"><em>) Gobierno de Guerrero<\/em><\/div>\n<div dir=\"auto\"><img loading=\"lazy\" decoding=\"async\" class=\"alignleft size-medium wp-image-1253994\" src=\"https:\/\/www.acapulcopress.com\/wp-content\/uploads\/2023\/05\/esp.campos4-375x562.jpg\" alt=\"\" width=\"375\" height=\"562\" \/>La gobernadora <a class=\"x1i10hfl xjbqb8w x6umtig x1b1mbwd xaqea5y xav7gou x9f619 x1ypdohk xt0psk2 xe8uvvx xdj266r x11i5rnm xat24cr x1mh8g0r xexx8yu x4uap5 x18d9i69 xkhd6sd x16tdsg8 x1hl2dhg xggy1nq x1a2a7pz xt0b8zv x1qq9wsj xo1l8bm\" tabindex=\"0\" role=\"link\" href=\"https:\/\/www.facebook.com\/EvelynSalgadoP?__cft__[0]=AZWrvnrp1f_a0Vt9hJAKkZg3OrhQHwxo3Fm9JG5NA4lhdRZ2yOGrpBj3dSXvD6LntSZmIHpxdBhg9Yr4FK3y9o5q9y2eMaSFTQo5qj97fD2MmYNIYMgk7oMVhGP73rxkWkw&amp;__tn__=-]K-R\" target=\"_blank\" rel=\"noopener\"><span class=\"xt0psk2\">Evelyn Salgado Pineda<\/span><\/a> sostuvo una reuni\u00f3n con el destacado futbolista de Acapulco Jorge Campos Navarrete y el empresario y due\u00f1o del equipo de f\u00fatbol <a class=\"x1i10hfl xjbqb8w x6umtig x1b1mbwd xaqea5y xav7gou x9f619 x1ypdohk xt0psk2 xe8uvvx xdj266r x11i5rnm xat24cr x1mh8g0r xexx8yu x4uap5 x18d9i69 xkhd6sd x16tdsg8 x1hl2dhg xggy1nq x1a2a7pz xt0b8zv x1qq9wsj xo1l8bm\" tabindex=\"0\" role=\"link\" href=\"https:\/\/www.facebook.com\/AtlanteFC.Oficial?__cft__[0]=AZWrvnrp1f_a0Vt9hJAKkZg3OrhQHwxo3Fm9JG5NA4lhdRZ2yOGrpBj3dSXvD6LntSZmIHpxdBhg9Yr4FK3y9o5q9y2eMaSFTQo5qj97fD2MmYNIYMgk7oMVhGP73rxkWkw&amp;__tn__=-]K-R\" target=\"_blank\" rel=\"noopener\"><span class=\"xt0psk2\">AtlanteFC<\/span><\/a>, <a class=\"x1i10hfl xjbqb8w x6umtig x1b1mbwd xaqea5y xav7gou x9f619 x1ypdohk xt0psk2 xe8uvvx xdj266r x11i5rnm xat24cr x1mh8g0r xexx8yu x4uap5 x18d9i69 xkhd6sd x16tdsg8 x1hl2dhg xggy1nq x1a2a7pz xt0b8zv x1qq9wsj xo1l8bm\" tabindex=\"0\" role=\"link\" href=\"https:\/\/www.facebook.com\/PdteEscalante?__cft__[0]=AZWrvnrp1f_a0Vt9hJAKkZg3OrhQHwxo3Fm9JG5NA4lhdRZ2yOGrpBj3dSXvD6LntSZmIHpxdBhg9Yr4FK3y9o5q9y2eMaSFTQo5qj97fD2MmYNIYMgk7oMVhGP73rxkWkw&amp;__tn__=-]K-R\" target=\"_blank\" rel=\"noopener\"><span class=\"xt0psk2\">Emilio Escalante M\u00e9ndez,<\/span><\/a>\u00a0con el objetivo de hacer de Guerrero el <a class=\"x1i10hfl xjbqb8w x6umtig x1b1mbwd xaqea5y xav7gou x9f619 x1ypdohk xt0psk2 xe8uvvx xdj266r x11i5rnm xat24cr x1mh8g0r xexx8yu x4uap5 x18d9i69 xkhd6sd x16tdsg8 x1hl2dhg xggy1nq x1a2a7pz xt0b8zv x1qq9wsj xo1l8bm\" tabindex=\"0\" role=\"link\" href=\"https:\/\/www.facebook.com\/hashtag\/hogardelsol?__eep__=6&amp;__cft__[0]=AZWrvnrp1f_a0Vt9hJAKkZg3OrhQHwxo3Fm9JG5NA4lhdRZ2yOGrpBj3dSXvD6LntSZmIHpxdBhg9Yr4FK3y9o5q9y2eMaSFTQo5qj97fD2MmYNIYMgk7oMVhGP73rxkWkw&amp;__tn__=*NK-R\">#HogarDelSol<\/a> un referente del turismo deportivo e impulsar proyectos que contribuyan a generar conciencia social sobre la importancia de la salud f\u00edsica.<\/p>\n<\/div>\n<\/div>\n<div class=\"x11i5rnm xat24cr x1mh8g0r x1vvkbs xtlvy1s x126k92a\" style=\"text-align: justify;\">\n<div dir=\"auto\">En la reuni\u00f3n celebrada en las oficinas de la <a class=\"x1i10hfl xjbqb8w x6umtig x1b1mbwd xaqea5y xav7gou x9f619 x1ypdohk xt0psk2 xe8uvvx xdj266r x11i5rnm xat24cr x1mh8g0r xexx8yu x4uap5 x18d9i69 xkhd6sd x16tdsg8 x1hl2dhg xggy1nq x1a2a7pz xt0b8zv x1qq9wsj xo1l8bm\" tabindex=\"0\" role=\"link\" href=\"https:\/\/www.facebook.com\/ProturGuerrero?__cft__[0]=AZWrvnrp1f_a0Vt9hJAKkZg3OrhQHwxo3Fm9JG5NA4lhdRZ2yOGrpBj3dSXvD6LntSZmIHpxdBhg9Yr4FK3y9o5q9y2eMaSFTQo5qj97fD2MmYNIYMgk7oMVhGP73rxkWkw&amp;__tn__=-]K-R\" target=\"_blank\" rel=\"noopener\"><span class=\"xt0psk2\">Promotora Tur\u00edstica de Guerrero<\/span><\/a> (Protur), asisti\u00f3 el subsecretario de Administraci\u00f3n de la Secretar\u00eda de Finanzas del estado, Ricardo Salinas M\u00e9ndez.<\/p>\n<\/div>\n<\/div>\n<div class=\"x11i5rnm xat24cr x1mh8g0r x1vvkbs xtlvy1s x126k92a\">\n<div dir=\"auto\" style=\"text-align: justify;\">) S\u00edguenos en nuestra p\u00e1gina <a class=\"x1i10hfl xjbqb8w x6umtig x1b1mbwd xaqea5y xav7gou x9f619 x1ypdohk xt0psk2 xe8uvvx xdj266r x11i5rnm xat24cr x1mh8g0r xexx8yu x4uap5 x18d9i69 xkhd6sd x16tdsg8 x1hl2dhg xggy1nq x1a2a7pz xt0b8zv x1qq9wsj xo1l8bm\" tabindex=\"0\" role=\"link\" href=\"https:\/\/www.facebook.com\/acapulcopress.news?__cft__[0]=AZWrvnrp1f_a0Vt9hJAKkZg3OrhQHwxo3Fm9JG5NA4lhdRZ2yOGrpBj3dSXvD6LntSZmIHpxdBhg9Yr4FK3y9o5q9y2eMaSFTQo5qj97fD2MmYNIYMgk7oMVhGP73rxkWkw&amp;__tn__=-]K-R\" target=\"_blank\" rel=\"noopener\"><span class=\"xt0psk2\">Facebook.com\/acapulcopress.news<\/span><\/a><\/div>\n<\/div>\n","protected":false},"excerpt":{"rendered":"<p>CHILPANCINGO * 23 de mayo de 2023. ) Gobierno de Guerrero La gobernadora Evelyn Salgado Pineda sostuvo una reuni\u00f3n con el destacado futbolista de Acapulco Jorge Campos Navarrete y el empresario y due\u00f1o del equipo de f\u00fatbol AtlanteFC, Emilio Escalante M\u00e9ndez,\u00a0con el objetivo de hacer de Guerrero el #HogarDelSol un referente del turismo deportivo e&#8230;<\/p>\n","protected":false},"author":2,"featured_media":1253995,"comment_status":"closed","ping_status":"closed","sticky":false,"template":"","format":"standard","meta":{"footnotes":""},"categories":[1972,1988,18566],"tags":[2737,7899,8251,10887,15081],"class_list":["post-1253987","post","type-post","status-publish","format-standard","has-post-thumbnail","hentry","category-special","category-lifestyles","category-sports-lifestyles","tag-hogardelsol","tag-emilio-escalante-mendez","tag-evelyn-salgado-pineda","tag-jorge-campos-navarrete","tag-promotora-turistica-de-guerrero-protur"],"_links":{"self":[{"href":"https:\/\/www.acapulcopress.com\/index.php\/wp-json\/wp\/v2\/posts\/1253987","targetHints":{"allow":["GET"]}}],"collection":[{"href":"https:\/\/www.acapulcopress.com\/index.php\/wp-json\/wp\/v2\/posts"}],"about":[{"href":"https:\/\/www.acapulcopress.com\/index.php\/wp-json\/wp\/v2\/types\/post"}],"author":[{"embeddable":true,"href":"https:\/\/www.acapulcopress.com\/index.php\/wp-json\/wp\/v2\/users\/2"}],"replies":[{"embeddable":true,"href":"https:\/\/www.acapulcopress.com\/index.php\/wp-json\/wp\/v2\/comments?post=1253987"}],"version-history":[{"count":0,"href":"https:\/\/www.acapulcopress.com\/index.php\/wp-json\/wp\/v2\/posts\/1253987\/revisions"}],"wp:featuredmedia":[{"embeddable":true,"href":"https:\/\/www.acapulcopress.com\/index.php\/wp-json\/"}],"wp:attachment":[{"href":"https:\/\/www.acapulcopress.com\/index.php\/wp-json\/wp\/v2\/media?parent=1253987"}],"wp:term":[{"taxonomy":"category","embeddable":true,"href":"https:\/\/www.acapulcopress.com\/index.php\/wp-json\/wp\/v2\/categories?post=1253987"},{"taxonomy":"post_tag","embeddable":true,"href":"https:\/\/www.acapulcopress.com\/index.php\/wp-json\/wp\/v2\/tags?post=1253987"}],"curies":[{"name":"wp","href":"https:\/\/api.w.org\/{rel}","templated":true}]}}