{"id":1253997,"date":"2023-05-23T21:27:36","date_gmt":"2023-05-24T02:27:36","guid":{"rendered":"https:\/\/www.acapulcopress.com\/?p=1253997"},"modified":"2023-05-23T21:27:36","modified_gmt":"2023-05-24T02:27:36","slug":"inicio-plan-estatal-para-la-prevencion-y-control-del-dengue-chikungunya-y-zika-2023","status":"publish","type":"post","link":"https:\/\/www.acapulcopress.com\/index.php\/2023\/05\/23\/inicio-plan-estatal-para-la-prevencion-y-control-del-dengue-chikungunya-y-zika-2023\/","title":{"rendered":"Inici\u00f3 plan estatal para la prevenci\u00f3n y control del dengue, chikungunya y zika 2023"},"content":{"rendered":"<p style=\"text-align: justify;\">CHILPANCINGO * 23 de mayo de 2023.<br \/>\n<em>) Gobierno de Guerrero<\/em><br \/>\nAl dar el banderazo de inicio del plan estatal para la prevenci\u00f3n y control del dengue, <img loading=\"lazy\" decoding=\"async\" class=\"alignleft size-medium wp-image-1254000\" src=\"https:\/\/www.acapulcopress.com\/wp-content\/uploads\/2023\/05\/SALUDGRO3-375x250.jpg\" alt=\"\" width=\"375\" height=\"250\" \/>chikungunya y zika 2023, la titular de la <a href=\"https:\/\/www.facebook.com\/SSaludGuerrero\" target=\"_blank\" rel=\"noopener\">Secretar\u00eda de Salud Guerrero<\/a> (SSG), Aid\u00e9 Ibarez Castro, destac\u00f3 la importancia de que todos los sectores sociales y las autoridades se sumen a las acciones preventivas para evitar que los contagios se conviertan en un grave problema de salud p\u00fablica.<\/p>\n<p style=\"text-align: justify;\">En este evento realizado en el puerto de Acapulco, durante su mensaje la funcionaria destac\u00f3 que acciones como este plan preventivo tienen el objetivo de romper la cadena epidemiol\u00f3gica para que el mosco transmisor de <em>dengue, chikungunya<\/em> y <em>zika<\/em> no llegue a la poblaci\u00f3n y la enferme.<\/p>\n<p style=\"text-align: justify;\">\u201cA todos los compa\u00f1eros de Vectores, fumigadores, y todos los que est\u00e1n aqu\u00ed presentes, es bien importante lo que estamos haciendo todos, todas las instituciones, la SEG, el <img loading=\"lazy\" decoding=\"async\" class=\"alignleft size-medium wp-image-1254004\" src=\"https:\/\/www.acapulcopress.com\/wp-content\/uploads\/2023\/05\/SALUDGRO7-375x250.jpg\" alt=\"\" width=\"375\" height=\"250\" \/>ISSSTE, IMSS, Sedena, Marina, la Secretar\u00eda de Salud, todas las instituciones que conforman el Sistema de Salud en esta lucha contra el<em> dengue,<\/em> el <em>chikungunya <\/em>y<em> zika<\/em>\u201d, indic\u00f3 Ibarez Castro.<\/p>\n<p style=\"text-align: justify;\">Subray\u00f3 que es importante apostarles a las acciones preventivas para que a los hospitales no lleguen las personas con estados cr\u00edticos por estas enfermedades transmitidas por vector, y advirti\u00f3 que el dengue hemorr\u00e1gico puede llegar a causar la muerte.<\/p>\n<p style=\"text-align: justify;\">\u201cEl inter\u00e9s de cada instituci\u00f3n representada aqu\u00ed, es que los compa\u00f1eros que trabajan en el campo, la comunidad, los ni\u00f1os, los adolescentes, los adultos, las familias, puedan sumarse a esta lucha para prevenir que nos enfermemos de esto que nos puede arrancar la vida\u201d, <img loading=\"lazy\" decoding=\"async\" class=\"alignleft size-medium wp-image-1254002\" src=\"https:\/\/www.acapulcopress.com\/wp-content\/uploads\/2023\/05\/SALUDGRO5-375x250.jpg\" alt=\"\" width=\"375\" height=\"250\" \/>agreg\u00f3 la titular de Salud.<\/p>\n<p style=\"text-align: justify;\">Dijo que, como parte de las acciones para garantizar la aplicaci\u00f3n de este plan preventivo contra enfermedades transmitidas por vector, se han firmado convenios con los presidentes municipales para proteger al personal de salud, con el fin de que puedan regresar a las comunidades, adem\u00e1s de cuidar los veh\u00edculos, trabajar en el abasto de medicamento y el cuidado del equipo m\u00e9dico.<\/p>\n<p style=\"text-align: justify;\">Asistieron el subsecretario de Prevenci\u00f3n y Control de Enfermedades, Jes\u00fas Ulises Adame Reyna; el director de Epidemiolog\u00eda y Medicina Preventiva, Rufino Silva Dom\u00ednguez; el jefe de la Jurisdicci\u00f3n Sanitaria 07 Acapulco, Mart\u00edn Mu\u00f1oz Ch\u00e1vez; as\u00ed como representantes del ayuntamiento de Acapulco, de la SEG, del IMSS, del ISSSTE y de la VIII\u00a0Regi\u00f3n\u00a0Naval.<\/p>\n<p style=\"text-align: justify;\"><em>) S\u00edguenos en nuestra p\u00e1gina Facebook.com\/<a href=\"https:\/\/www.facebook.com\/acapulcopress.news\" target=\"_blank\" rel=\"noopener\">acapulcopress.news<\/a><\/em><\/p>\n","protected":false},"excerpt":{"rendered":"<p>CHILPANCINGO * 23 de mayo de 2023. ) Gobierno de Guerrero Al dar el banderazo de inicio del plan estatal para la prevenci\u00f3n y control del dengue, chikungunya y zika 2023, la titular de la Secretar\u00eda de Salud Guerrero (SSG), Aid\u00e9 Ibarez Castro, destac\u00f3 la importancia de que todos los sectores sociales y las autoridades&#8230;<\/p>\n","protected":false},"author":2,"featured_media":1254001,"comment_status":"closed","ping_status":"closed","sticky":false,"template":"","format":"standard","meta":{"footnotes":""},"categories":[1970,18561],"tags":[5702,7067,16252,18314],"class_list":["post-1253997","post","type-post","status-publish","format-standard","has-post-thumbnail","hentry","category-epidemiologia-trending","category-society-politics","tag-chikungunya","tag-dengue","tag-secretaria-de-salud-guerrero-ssg","tag-zika"],"_links":{"self":[{"href":"https:\/\/www.acapulcopress.com\/index.php\/wp-json\/wp\/v2\/posts\/1253997","targetHints":{"allow":["GET"]}}],"collection":[{"href":"https:\/\/www.acapulcopress.com\/index.php\/wp-json\/wp\/v2\/posts"}],"about":[{"href":"https:\/\/www.acapulcopress.com\/index.php\/wp-json\/wp\/v2\/types\/post"}],"author":[{"embeddable":true,"href":"https:\/\/www.acapulcopress.com\/index.php\/wp-json\/wp\/v2\/users\/2"}],"replies":[{"embeddable":true,"href":"https:\/\/www.acapulcopress.com\/index.php\/wp-json\/wp\/v2\/comments?post=1253997"}],"version-history":[{"count":0,"href":"https:\/\/www.acapulcopress.com\/index.php\/wp-json\/wp\/v2\/posts\/1253997\/revisions"}],"wp:featuredmedia":[{"embeddable":true,"href":"https:\/\/www.acapulcopress.com\/index.php\/wp-json\/"}],"wp:attachment":[{"href":"https:\/\/www.acapulcopress.com\/index.php\/wp-json\/wp\/v2\/media?parent=1253997"}],"wp:term":[{"taxonomy":"category","embeddable":true,"href":"https:\/\/www.acapulcopress.com\/index.php\/wp-json\/wp\/v2\/categories?post=1253997"},{"taxonomy":"post_tag","embeddable":true,"href":"https:\/\/www.acapulcopress.com\/index.php\/wp-json\/wp\/v2\/tags?post=1253997"}],"curies":[{"name":"wp","href":"https:\/\/api.w.org\/{rel}","templated":true}]}}