{"id":1254007,"date":"2023-05-23T21:44:41","date_gmt":"2023-05-24T02:44:41","guid":{"rendered":"https:\/\/www.acapulcopress.com\/?p=1254007"},"modified":"2023-05-23T21:44:41","modified_gmt":"2023-05-24T02:44:41","slug":"anuncia-sep-suspension-nacional-de-clases-el-viernes-26-de-mayo","status":"publish","type":"post","link":"https:\/\/www.acapulcopress.com\/index.php\/2023\/05\/23\/anuncia-sep-suspension-nacional-de-clases-el-viernes-26-de-mayo\/","title":{"rendered":"Anuncia SEP suspensi\u00f3n nacional de clases el viernes 26 de mayo"},"content":{"rendered":"<p style=\"text-align: justify;\">CIUDAD DE M\u00c9XICO * 23 de mayo de 2023.<br \/>\n<em>) <a href=\"https:\/\/www.proceso.com.mx\/nacional\/2023\/5\/23\/sep-este-dia-no-habra-clases-sera-puente-para-los-alumnos-307523.html\" target=\"_blank\" rel=\"noopener\">Apro<\/a><\/em><br \/>\nEl viernes 26 de mayo, alumnos de preescolar, primaria y secundaria del pa\u00eds no tendr\u00e1n clases, con lo que ser\u00eda el \u00faltimo \u201cpuente\u201d de mayo, de acuerdo con el calendario escolar 2022-2023 de la <a href=\"https:\/\/www.facebook.com\/SEPmx\" target=\"_blank\" rel=\"noopener\">Secretar\u00eda de Educaci\u00f3n P\u00fablica<\/a> (SEP).<\/p>\n<p style=\"text-align: justify;\">El motivo por el cual no tendr\u00e1n clases es porque el viernes habr\u00e1 Consejo T\u00e9cnico Escolar y Taller Intensivo de Formaci\u00f3n Continua para Docentes, Nuevos Planes y Programas de Estudio.<\/p>\n<p style=\"text-align: justify;\">El lunes 29 se reanudan las clases de manera normal.<\/p>\n<p style=\"text-align: justify;\">Sin embargo, \u00e9se no es un d\u00eda de descanso oficial, por lo que no aplica para los trabajadores.<\/p>\n<p style=\"text-align: justify;\">El siguiente \u201cpuente\u201d para los estudiantes ser\u00e1 hasta el viernes 30 de junio.<\/p>\n<p style=\"text-align: justify;\"><em>) S\u00edguenos en nuestra p\u00e1gina Facebook.com\/<a href=\"https:\/\/www.facebook.com\/acapulcopress.news\" target=\"_blank\" rel=\"noopener\">acapulcopress.news<\/a><\/em><\/p>\n","protected":false},"excerpt":{"rendered":"<p>CIUDAD DE M\u00c9XICO * 23 de mayo de 2023. ) Apro El viernes 26 de mayo, alumnos de preescolar, primaria y secundaria del pa\u00eds no tendr\u00e1n clases, con lo que ser\u00eda el \u00faltimo \u201cpuente\u201d de mayo, de acuerdo con el calendario escolar 2022-2023 de la Secretar\u00eda de Educaci\u00f3n P\u00fablica (SEP). El motivo por el cual&#8230;<\/p>\n","protected":false},"author":2,"featured_media":1254008,"comment_status":"closed","ping_status":"closed","sticky":false,"template":"","format":"standard","meta":{"footnotes":""},"categories":[1969,1989],"tags":[16171],"class_list":["post-1254007","post","type-post","status-publish","format-standard","has-post-thumbnail","hentry","category-trending","category-noticias-generales","tag-secretaria-de-educacion-publica-sep"],"_links":{"self":[{"href":"https:\/\/www.acapulcopress.com\/index.php\/wp-json\/wp\/v2\/posts\/1254007","targetHints":{"allow":["GET"]}}],"collection":[{"href":"https:\/\/www.acapulcopress.com\/index.php\/wp-json\/wp\/v2\/posts"}],"about":[{"href":"https:\/\/www.acapulcopress.com\/index.php\/wp-json\/wp\/v2\/types\/post"}],"author":[{"embeddable":true,"href":"https:\/\/www.acapulcopress.com\/index.php\/wp-json\/wp\/v2\/users\/2"}],"replies":[{"embeddable":true,"href":"https:\/\/www.acapulcopress.com\/index.php\/wp-json\/wp\/v2\/comments?post=1254007"}],"version-history":[{"count":0,"href":"https:\/\/www.acapulcopress.com\/index.php\/wp-json\/wp\/v2\/posts\/1254007\/revisions"}],"wp:featuredmedia":[{"embeddable":true,"href":"https:\/\/www.acapulcopress.com\/index.php\/wp-json\/"}],"wp:attachment":[{"href":"https:\/\/www.acapulcopress.com\/index.php\/wp-json\/wp\/v2\/media?parent=1254007"}],"wp:term":[{"taxonomy":"category","embeddable":true,"href":"https:\/\/www.acapulcopress.com\/index.php\/wp-json\/wp\/v2\/categories?post=1254007"},{"taxonomy":"post_tag","embeddable":true,"href":"https:\/\/www.acapulcopress.com\/index.php\/wp-json\/wp\/v2\/tags?post=1254007"}],"curies":[{"name":"wp","href":"https:\/\/api.w.org\/{rel}","templated":true}]}}