{"id":1254058,"date":"2023-05-24T22:23:53","date_gmt":"2023-05-25T03:23:53","guid":{"rendered":"https:\/\/www.acapulcopress.com\/?p=1254058"},"modified":"2023-05-24T22:23:53","modified_gmt":"2023-05-25T03:23:53","slug":"acuerdan-retiro-del-burro-manolin-de-la-roqueta","status":"publish","type":"post","link":"https:\/\/www.acapulcopress.com\/index.php\/2023\/05\/24\/acuerdan-retiro-del-burro-manolin-de-la-roqueta\/","title":{"rendered":"Acuerdan retiro del burro #Manol\u00edn de La Roqueta"},"content":{"rendered":"<p style=\"text-align: justify;\"><strong><em>* \u00a1Rev\u00e9s para la alcaldesa de Acapulco, <a href=\"https:\/\/www.facebook.com\/AbelinaLopezR\" target=\"_blank\" rel=\"noopener\"><span class=\"xv78j7m\" spellcheck=\"false\">Abelina L\u00f3pez Rodr\u00edguez<\/span><\/a>!: El Consejo de Bienestar Animal de Guerrero aprob\u00f3 el retiro del burro &#8216;Manol\u00edn&#8217; como &#8216;embajador de turismo&#8217; en la isla de La Roqueta<\/em><\/strong><\/p>\n<p style=\"text-align: justify;\">CHILPANCINGO * 24 de mayo de 2023.<br \/>\n<em>) Gobierno de Guerrero<\/em><br \/>\nIntegrantes del <em>Consejo de Bienestar Animal de Guerrero<\/em> aprobaron el retiro del burro <img loading=\"lazy\" decoding=\"async\" class=\"alignleft size-medium wp-image-1254064\" src=\"https:\/\/www.acapulcopress.com\/wp-content\/uploads\/2023\/05\/BURRO-MANOLIN5-375x211.jpg\" alt=\"\" width=\"375\" height=\"211\" \/><em><strong>#Manol\u00edn<\/strong><\/em> de la isla la Roqueta de Acapulco, luego de que los responsables omitieran entregar la documentaci\u00f3n requerida, principalmente el permiso de la Secretar\u00eda de Marina y de Turismo Federal responsables del manejo y resguardo de esa \u00e1rea tur\u00edstica.<\/p>\n<p style=\"text-align: justify;\">Lo anterior fue dado a conocer durante la primera sesi\u00f3n Extraordinaria del Consejo Consultivo Ciudadano para la Atenci\u00f3n y Bienestar de los Animales y que fue presidida por el titular de Semaren, <a href=\"https:\/\/www.facebook.com\/profile.php?id=100076065334014\" target=\"_blank\" rel=\"noopener\">\u00c1ngel Almaz\u00e1n Ju\u00e1rez<\/a>; en donde adem\u00e1s se verific\u00f3 el incumplimiento de la legislaci\u00f3n ambiental y en materia de bienestar animal, en el caso de introducci\u00f3n del asno llamado \u201cManolin\u201d en la Isla de la Roqueta del Puerto de Acapulco, <img loading=\"lazy\" decoding=\"async\" class=\"alignleft size-medium wp-image-1254061\" src=\"https:\/\/www.acapulcopress.com\/wp-content\/uploads\/2023\/05\/BURRO-MANOLIN2-375x211.jpg\" alt=\"\" width=\"375\" height=\"211\" \/>por parte de la <a href=\"https:\/\/www.facebook.com\/islaroqueta\" target=\"_blank\" rel=\"noopener\">Asociaci\u00f3n Pro Defensa y Conservaci\u00f3n de la Isla de la Roqueta A.C<\/a>, la cual omiti\u00f3 la entrega de documentaci\u00f3n requerida por la <a href=\"https:\/\/www.facebook.com\/Semaren.Gro\" target=\"_blank\" rel=\"noopener\">Secretar\u00eda de Medio Ambiente y Recursos Naturales<\/a> (Semaren) y otras autoridades como la direcci\u00f3n de ecolog\u00eda del municipio de Acapulco y la <a href=\"https:\/\/www.facebook.com\/PropaegGro\" target=\"_blank\" rel=\"noopener\">Procuradur\u00eda de Protecci\u00f3n Ambiental del Estado de Guerrero<\/a> (Propaeg).<\/p>\n<p style=\"text-align: justify;\">En ese sentido, la representante de la secretar\u00eda de Marina y encargada del resguardo de la isla, inform\u00f3 que la Semar no ha otorgado ning\u00fan permiso para la introducci\u00f3n del animal y tampoco tiene ninguna solicitud al respecto, adem\u00e1s de que la presunta acta de donaci\u00f3n no cuenta con ninguna firma y est\u00e1 fechada 13 d\u00edas despu\u00e9s de que se llev\u00f3 al burro a la <img loading=\"lazy\" decoding=\"async\" class=\"alignleft size-medium wp-image-1253968\" src=\"https:\/\/www.acapulcopress.com\/wp-content\/uploads\/2023\/05\/abelina-manolina-375x375.jpg\" alt=\"\" width=\"375\" height=\"375\" \/>roqueta; por todo lo anterior los integrantes aprobaron el retiro del ejemplar y se otorg\u00f3 un plazo de 48 horas para presentar el protocolo que definir\u00e1 a los responsables del traslado, el m\u00e9todo apropiado y el lugar a d\u00f3nde ser\u00e1 resguardado.<\/p>\n<p style=\"text-align: justify;\">El Consejo referido est\u00e1 integrado por representantes de la Procuradur\u00eda de Protecci\u00f3n Ambiental, Sagadegro, Fiscal\u00eda, Salud, entre otras dependencias, as\u00ed como organizaciones protectoras de animales y presidido por la Semaren; los integrantes est\u00e1n facultados por la ley 491 para emitir acuerdos y l\u00edneas de acci\u00f3n para evitar la crueldad y el maltrato animal, as\u00ed como emitir opiniones sobre las autorizaciones, licencias y permisos otorgados en materia\u00a0de\u00a0esta\u00a0ley.<\/p>\n<p style=\"text-align: justify;\"><em>) S\u00edguenos en nuestra p\u00e1gina Facebook.com\/<a href=\"https:\/\/www.facebook.com\/acapulcopress.news\" target=\"_blank\" rel=\"noopener\">acapulcopress.news<\/a><\/em><\/p>\n","protected":false},"excerpt":{"rendered":"<p>* \u00a1Rev\u00e9s para la alcaldesa de Acapulco, Abelina L\u00f3pez Rodr\u00edguez!: El Consejo de Bienestar Animal de Guerrero aprob\u00f3 el retiro del burro &#8216;Manol\u00edn&#8217; como &#8216;embajador de turismo&#8217; en la isla de La Roqueta CHILPANCINGO * 24 de mayo de 2023. ) Gobierno de Guerrero Integrantes del Consejo de Bienestar Animal de Guerrero aprobaron el retiro&#8230;<\/p>\n","protected":false},"author":2,"featured_media":1253974,"comment_status":"closed","ping_status":"closed","sticky":false,"template":"","format":"standard","meta":{"footnotes":""},"categories":[1997],"tags":[],"class_list":["post-1254058","post","type-post","status-publish","format-standard","has-post-thumbnail","hentry","category-noticias-destacadas"],"_links":{"self":[{"href":"https:\/\/www.acapulcopress.com\/index.php\/wp-json\/wp\/v2\/posts\/1254058","targetHints":{"allow":["GET"]}}],"collection":[{"href":"https:\/\/www.acapulcopress.com\/index.php\/wp-json\/wp\/v2\/posts"}],"about":[{"href":"https:\/\/www.acapulcopress.com\/index.php\/wp-json\/wp\/v2\/types\/post"}],"author":[{"embeddable":true,"href":"https:\/\/www.acapulcopress.com\/index.php\/wp-json\/wp\/v2\/users\/2"}],"replies":[{"embeddable":true,"href":"https:\/\/www.acapulcopress.com\/index.php\/wp-json\/wp\/v2\/comments?post=1254058"}],"version-history":[{"count":0,"href":"https:\/\/www.acapulcopress.com\/index.php\/wp-json\/wp\/v2\/posts\/1254058\/revisions"}],"wp:featuredmedia":[{"embeddable":true,"href":"https:\/\/www.acapulcopress.com\/index.php\/wp-json\/"}],"wp:attachment":[{"href":"https:\/\/www.acapulcopress.com\/index.php\/wp-json\/wp\/v2\/media?parent=1254058"}],"wp:term":[{"taxonomy":"category","embeddable":true,"href":"https:\/\/www.acapulcopress.com\/index.php\/wp-json\/wp\/v2\/categories?post=1254058"},{"taxonomy":"post_tag","embeddable":true,"href":"https:\/\/www.acapulcopress.com\/index.php\/wp-json\/wp\/v2\/tags?post=1254058"}],"curies":[{"name":"wp","href":"https:\/\/api.w.org\/{rel}","templated":true}]}}