{"id":1254074,"date":"2023-05-24T23:13:12","date_gmt":"2023-05-25T04:13:12","guid":{"rendered":"https:\/\/www.acapulcopress.com\/?p=1254074"},"modified":"2023-05-24T23:13:12","modified_gmt":"2023-05-25T04:13:12","slug":"participo-evelyn-salgado-en-reunion-de-gobernadores-con-el-presidente-amlo","status":"publish","type":"post","link":"https:\/\/www.acapulcopress.com\/index.php\/2023\/05\/24\/participo-evelyn-salgado-en-reunion-de-gobernadores-con-el-presidente-amlo\/","title":{"rendered":"Particip\u00f3 Evelyn Salgado en reuni\u00f3n de gobernadores con el Presidente AMLO"},"content":{"rendered":"<p style=\"text-align: justify;\">CIUDAD DE M\u00c9XICO * 25 de mayo de 2023.<br \/>\n<em>) Gobierno de Guerrero<\/em><br \/>\n<img loading=\"lazy\" decoding=\"async\" class=\"alignleft size-medium wp-image-1254068\" src=\"https:\/\/www.acapulcopress.com\/wp-content\/uploads\/2023\/05\/EVELYN-SALGADO4-1-375x563.jpg\" alt=\"\" width=\"375\" height=\"563\" \/>La gobernadora <a href=\"https:\/\/www.facebook.com\/EvelynSalgadoP\" target=\"_blank\" rel=\"noopener\">Evelyn Salgado Pineda<\/a> particip\u00f3 con sus compa\u00f1eros hom\u00f3logos de las entidades del pa\u00eds y la Jefa de Gobierno, <a href=\"https:\/\/www.facebook.com\/ClaudiaSheinbaumPardo\" target=\"_blank\" rel=\"noopener\">Claudia Sheinbaum Pardo<\/a>, en la reuni\u00f3n con el Presidente <a href=\"https:\/\/www.facebook.com\/lopezobrador.org.mx\" target=\"_blank\" rel=\"noopener\">Andr\u00e9s Manuel L\u00f3pez Obrador<\/a> en Palacio Nacional para revisar los avances en los temas migratorios, alcances de los programas federales, as\u00ed como la ampliaci\u00f3n de acciones para el bienestar en cada uno de los estados.<\/p>\n<p style=\"text-align: justify;\">En el caso de Guerrero, la mandataria estatal puntualiz\u00f3 que se dio seguimiento a la gesti\u00f3n de los caminos artesanales para este ejercicio fiscal 2023, as\u00ed como la construcci\u00f3n del nuevo Hospital en Tlapa de Comonfort, anunciado en d\u00edas pasados por el Presidente Andr\u00e9s Manuel L\u00f3pez Obrador.<\/p>\n<p style=\"text-align: justify;\">Evelyn Salgado, coment\u00f3 que estas obras y acciones hist\u00f3ricas de bienestar destinadas para las zonas de mayor pobreza de Guerrero, demuestran el cari\u00f1o y amor del Presidente Andr\u00e9s Manuel con las y los\u00a0guerrerenses.<\/p>\n<p><img loading=\"lazy\" decoding=\"async\" class=\"alignnone wp-image-1254066 size-full\" src=\"https:\/\/www.acapulcopress.com\/wp-content\/uploads\/2023\/05\/EVELYN-SALGADO2-1.jpg\" alt=\"\" width=\"719\" height=\"480\" \/><\/p>\n<p><img loading=\"lazy\" decoding=\"async\" class=\"alignnone wp-image-1254069 \" src=\"https:\/\/www.acapulcopress.com\/wp-content\/uploads\/2023\/05\/EVELYN-SALGADO5-1.jpg\" alt=\"\" width=\"694\" height=\"1435\" \/><\/p>\n<p><img loading=\"lazy\" decoding=\"async\" class=\"alignnone wp-image-1254065 size-full\" src=\"https:\/\/www.acapulcopress.com\/wp-content\/uploads\/2023\/05\/EVELYN-SALGADO-2.jpg\" alt=\"\" width=\"719\" height=\"480\" \/><\/p>\n<p style=\"text-align: justify;\"><em>) S\u00edguenos en nuestra p\u00e1gina Facebook.com\/<a href=\"https:\/\/www.facebook.com\/acapulcopress.news\" target=\"_blank\" rel=\"noopener\">acapulcopress.news<\/a><\/em><\/p>\n","protected":false},"excerpt":{"rendered":"<p>CIUDAD DE M\u00c9XICO * 25 de mayo de 2023. ) Gobierno de Guerrero La gobernadora Evelyn Salgado Pineda particip\u00f3 con sus compa\u00f1eros hom\u00f3logos de las entidades del pa\u00eds y la Jefa de Gobierno, Claudia Sheinbaum Pardo, en la reuni\u00f3n con el Presidente Andr\u00e9s Manuel L\u00f3pez Obrador en Palacio Nacional para revisar los avances en los&#8230;<\/p>\n","protected":false},"author":2,"featured_media":1254067,"comment_status":"closed","ping_status":"closed","sticky":false,"template":"","format":"standard","meta":{"footnotes":""},"categories":[1983,18561],"tags":[3896,5853,8251],"class_list":["post-1254074","post","type-post","status-publish","format-standard","has-post-thumbnail","hentry","category-guerrerogob","category-society-politics","tag-andres-manuel-lopez-obrador","tag-claudia-sheinbaum-pardo","tag-evelyn-salgado-pineda"],"_links":{"self":[{"href":"https:\/\/www.acapulcopress.com\/index.php\/wp-json\/wp\/v2\/posts\/1254074","targetHints":{"allow":["GET"]}}],"collection":[{"href":"https:\/\/www.acapulcopress.com\/index.php\/wp-json\/wp\/v2\/posts"}],"about":[{"href":"https:\/\/www.acapulcopress.com\/index.php\/wp-json\/wp\/v2\/types\/post"}],"author":[{"embeddable":true,"href":"https:\/\/www.acapulcopress.com\/index.php\/wp-json\/wp\/v2\/users\/2"}],"replies":[{"embeddable":true,"href":"https:\/\/www.acapulcopress.com\/index.php\/wp-json\/wp\/v2\/comments?post=1254074"}],"version-history":[{"count":0,"href":"https:\/\/www.acapulcopress.com\/index.php\/wp-json\/wp\/v2\/posts\/1254074\/revisions"}],"wp:featuredmedia":[{"embeddable":true,"href":"https:\/\/www.acapulcopress.com\/index.php\/wp-json\/"}],"wp:attachment":[{"href":"https:\/\/www.acapulcopress.com\/index.php\/wp-json\/wp\/v2\/media?parent=1254074"}],"wp:term":[{"taxonomy":"category","embeddable":true,"href":"https:\/\/www.acapulcopress.com\/index.php\/wp-json\/wp\/v2\/categories?post=1254074"},{"taxonomy":"post_tag","embeddable":true,"href":"https:\/\/www.acapulcopress.com\/index.php\/wp-json\/wp\/v2\/tags?post=1254074"}],"curies":[{"name":"wp","href":"https:\/\/api.w.org\/{rel}","templated":true}]}}