{"id":1254076,"date":"2023-05-25T18:44:42","date_gmt":"2023-05-25T23:44:42","guid":{"rendered":"https:\/\/www.acapulcopress.com\/?p=1254076"},"modified":"2023-05-25T18:44:42","modified_gmt":"2023-05-25T23:44:42","slug":"desactivo-gobernacion-bloqueo-de-normalistas-de-la-enuf-en-chilpancingo","status":"publish","type":"post","link":"https:\/\/www.acapulcopress.com\/index.php\/2023\/05\/25\/desactivo-gobernacion-bloqueo-de-normalistas-de-la-enuf-en-chilpancingo\/","title":{"rendered":"Desactiv\u00f3 Gobernacion bloqueo de normalistas de la ENUF en Chilpancingo"},"content":{"rendered":"<div class=\"xdj266r x11i5rnm xat24cr x1mh8g0r x1vvkbs x126k92a\">\n<div dir=\"auto\">CHILPANCINGO * 25 de mayo de 2023.<br \/>\n<em>) Gobierno de Guerrero<\/em><\/div>\n<\/div>\n<div class=\"x11i5rnm xat24cr x1mh8g0r x1vvkbs xtlvy1s x126k92a\">\n<div dir=\"auto\" style=\"text-align: justify;\"><img loading=\"lazy\" decoding=\"async\" class=\"alignleft size-medium wp-image-1254078\" src=\"https:\/\/www.acapulcopress.com\/wp-content\/uploads\/2023\/05\/GOBERNACION2-375x211.jpg\" alt=\"\" width=\"375\" height=\"211\" \/>El director general de Gobernaci\u00f3n estatal, Francisco Rodr\u00edguez Cisneros, logr\u00f3 dialogar con los aproximadamente 120 estudiantes de la<a href=\"https:\/\/www.facebook.com\/ENUFRR\" target=\"_blank\" rel=\"noopener\"> Escuela Normal Urbana Federal \u00abRafael Ram\u00edrez\u00bb<\/a> (ENUF) que se encontraban manifest\u00e1ndose sobre la calle Recursos Hidr\u00e1ulicos en la capital del Estado. El acuerdo fue establecer una mesa de trabajo entre los normalistas y las autoridades de la Secretar\u00eda de Educaci\u00f3n Guerrero (SEG) durante los pr\u00f3ximos d\u00edas.<\/div>\n<div dir=\"auto\">) <a class=\"x1i10hfl xjbqb8w x6umtig x1b1mbwd xaqea5y xav7gou x9f619 x1ypdohk xt0psk2 xe8uvvx xdj266r x11i5rnm xat24cr x1mh8g0r xexx8yu x4uap5 x18d9i69 xkhd6sd x16tdsg8 x1hl2dhg xggy1nq x1a2a7pz xt0b8zv x1qq9wsj xo1l8bm\" tabindex=\"0\" role=\"link\" href=\"https:\/\/www.facebook.com\/acapulcopress.news?__cft__[0]=AZWtp7jqKYzJKi9TWa1G7wdbkVfDuGuU7yeZMCLya9eKv0X3XAnms-fyfrzBSUa4cE2f-kI7CeXeIr2AjER6D0W6W7RBpo3ajpA22q-eyqC1wr3yuK2z8jz5wqzIAEwJlaGPKiH2JwzHVa0NUeHKmLAbLs_IcM1-Yy2RZKgAEVLm9SujH2vfTEN4nWaGMAC2zZU&amp;__tn__=-]K-R\" target=\"_blank\" rel=\"noopener\"><span class=\"xt0psk2\">Acapulco Press<\/span><\/a><\/div>\n<\/div>\n","protected":false},"excerpt":{"rendered":"<p>CHILPANCINGO * 25 de mayo de 2023. ) Gobierno de Guerrero El director general de Gobernaci\u00f3n estatal, Francisco Rodr\u00edguez Cisneros, logr\u00f3 dialogar con los aproximadamente 120 estudiantes de la Escuela Normal Urbana Federal \u00abRafael Ram\u00edrez\u00bb (ENUF) que se encontraban manifest\u00e1ndose sobre la calle Recursos Hidr\u00e1ulicos en la capital del Estado. El acuerdo fue establecer una&#8230;<\/p>\n","protected":false},"author":2,"featured_media":1254077,"comment_status":"closed","ping_status":"closed","sticky":false,"template":"","format":"standard","meta":{"footnotes":""},"categories":[1969,1989],"tags":[8096],"class_list":["post-1254076","post","type-post","status-publish","format-standard","has-post-thumbnail","hentry","category-trending","category-noticias-generales","tag-escuela-normal-urbana-federal-rafael-ramirez-enuf"],"_links":{"self":[{"href":"https:\/\/www.acapulcopress.com\/index.php\/wp-json\/wp\/v2\/posts\/1254076","targetHints":{"allow":["GET"]}}],"collection":[{"href":"https:\/\/www.acapulcopress.com\/index.php\/wp-json\/wp\/v2\/posts"}],"about":[{"href":"https:\/\/www.acapulcopress.com\/index.php\/wp-json\/wp\/v2\/types\/post"}],"author":[{"embeddable":true,"href":"https:\/\/www.acapulcopress.com\/index.php\/wp-json\/wp\/v2\/users\/2"}],"replies":[{"embeddable":true,"href":"https:\/\/www.acapulcopress.com\/index.php\/wp-json\/wp\/v2\/comments?post=1254076"}],"version-history":[{"count":0,"href":"https:\/\/www.acapulcopress.com\/index.php\/wp-json\/wp\/v2\/posts\/1254076\/revisions"}],"wp:featuredmedia":[{"embeddable":true,"href":"https:\/\/www.acapulcopress.com\/index.php\/wp-json\/"}],"wp:attachment":[{"href":"https:\/\/www.acapulcopress.com\/index.php\/wp-json\/wp\/v2\/media?parent=1254076"}],"wp:term":[{"taxonomy":"category","embeddable":true,"href":"https:\/\/www.acapulcopress.com\/index.php\/wp-json\/wp\/v2\/categories?post=1254076"},{"taxonomy":"post_tag","embeddable":true,"href":"https:\/\/www.acapulcopress.com\/index.php\/wp-json\/wp\/v2\/tags?post=1254076"}],"curies":[{"name":"wp","href":"https:\/\/api.w.org\/{rel}","templated":true}]}}