{"id":1254089,"date":"2023-05-25T21:28:54","date_gmt":"2023-05-26T02:28:54","guid":{"rendered":"https:\/\/www.acapulcopress.com\/?p=1254089"},"modified":"2023-05-25T21:28:54","modified_gmt":"2023-05-26T02:28:54","slug":"cambios-forzados-en-capama-y-comunicacion-social-acapulco","status":"publish","type":"post","link":"https:\/\/www.acapulcopress.com\/index.php\/2023\/05\/25\/cambios-forzados-en-capama-y-comunicacion-social-acapulco\/","title":{"rendered":"Cambios forzados en CAPAMA y Comunicaci\u00f3n Social Acapulco"},"content":{"rendered":"<div class=\"xdj266r x11i5rnm xat24cr x1mh8g0r x1vvkbs x126k92a\">\n<div dir=\"auto\" style=\"text-align: justify;\">\n<p><strong><em>* Comunicaci\u00f3n Social estrena su tercer director general\u00a0<\/em><\/strong><\/p>\n<p>ACAPULCO * 25 de mayo de 2023.<br \/>\n<em>) Acapulco Press<\/em><\/p>\n<\/div>\n<\/div>\n<div class=\"x11i5rnm xat24cr x1mh8g0r x1vvkbs xtlvy1s x126k92a\" style=\"text-align: justify;\">\n<div dir=\"auto\">\n<p>El nepotismo que jur\u00f3 combatir al asumir la presidencia de Acapulco el 30 de septiembre del 2021 se consuma como en el \u00e7\u00e1ncer del gobierno de<strong> <a class=\"x1i10hfl xjbqb8w x6umtig x1b1mbwd xaqea5y xav7gou x9f619 x1ypdohk xt0psk2 xe8uvvx xdj266r x11i5rnm xat24cr x1mh8g0r xexx8yu x4uap5 x18d9i69 xkhd6sd x16tdsg8 x1hl2dhg xggy1nq x1a2a7pz xt0b8zv x1qq9wsj xo1l8bm\" tabindex=\"0\" role=\"link\" href=\"https:\/\/www.facebook.com\/AbelinaLopezR?__cft__[0]=AZWGBZhEnl9rd7rbQm_NbrWdYfdqEH2M2RcMoMy4VtIzng_pqN0-6ZIKk9xGjXmKl02CC2JYDiSf_jiCO7hBTBTeohNUjWFp84ruzTv8zWPIHyg_AqAfYQ0L4QRL3JpuRVReiMtszezNeZzQpp4et4Ju&amp;__tn__=-]K-R\" target=\"_blank\" rel=\"noopener\"><span class=\"xt0psk2\">Abelina L\u00f3pez Rodr\u00edguez<\/span><\/a><\/strong>: De manera sorpresiva renunci\u00f3 anoche el tercer director general de<a href=\"https:\/\/www.facebook.com\/capama.aca\" target=\"_blank\" rel=\"noopener\"> CAPAMA<\/a> y, en su lugar, la alcaldesa por Morena nombr\u00f3 a <a class=\"x1i10hfl xjbqb8w x6umtig x1b1mbwd xaqea5y xav7gou x9f619 x1ypdohk xt0psk2 xe8uvvx xdj266r x11i5rnm xat24cr x1mh8g0r xexx8yu x4uap5 x18d9i69 xkhd6sd x16tdsg8 x1hl2dhg xggy1nq x1a2a7pz xt0b8zv x1qq9wsj xo1l8bm\" tabindex=\"0\" role=\"link\" href=\"https:\/\/www.facebook.com\/profile.php?id=100091995002311&amp;__cft__[0]=AZWGBZhEnl9rd7rbQm_NbrWdYfdqEH2M2RcMoMy4VtIzng_pqN0-6ZIKk9xGjXmKl02CC2JYDiSf_jiCO7hBTBTeohNUjWFp84ruzTv8zWPIHyg_AqAfYQ0L4QRL3JpuRVReiMtszezNeZzQpp4et4Ju&amp;__tn__=-]K-R\" target=\"_blank\" rel=\"noopener\"><span class=\"xt0psk2\">Hugo Lozano Hern\u00e1ndez<\/span><\/a>, sobrino de su presunta pareja sentimental,<strong> Leticia Lozano Zavala<\/strong> (seg\u00fan <a href=\"https:\/\/www.acapulcopress.com\/special\/esposa-de-abelina-gobierna-acapulco\/\" target=\"_blank\" rel=\"noopener\">revelaciones<\/a> de <em>Anonymous Guerrero<\/em>), titular de la <a class=\"x1i10hfl xjbqb8w x6umtig x1b1mbwd xaqea5y xav7gou x9f619 x1ypdohk xt0psk2 xe8uvvx xdj266r x11i5rnm xat24cr x1mh8g0r xexx8yu x4uap5 x18d9i69 xkhd6sd x16tdsg8 x1hl2dhg xggy1nq x1a2a7pz xt0b8zv x1qq9wsj xo1l8bm\" tabindex=\"0\" role=\"link\" href=\"https:\/\/www.facebook.com\/BienestarAca?__cft__[0]=AZWGBZhEnl9rd7rbQm_NbrWdYfdqEH2M2RcMoMy4VtIzng_pqN0-6ZIKk9xGjXmKl02CC2JYDiSf_jiCO7hBTBTeohNUjWFp84ruzTv8zWPIHyg_AqAfYQ0L4QRL3JpuRVReiMtszezNeZzQpp4et4Ju&amp;__tn__=-]K-R\" target=\"_blank\" rel=\"noopener\"><span class=\"xt0psk2\">Secretar\u00eda de Bienestar y Desarrollo Comunitario Acapulco<\/span><\/a>, como \u00abencargado de despacho\u00bb de la paramunicipal.<\/p>\n<\/div>\n<\/div>\n<div class=\"x11i5rnm xat24cr x1mh8g0r x1vvkbs xtlvy1s x126k92a\" style=\"text-align: justify;\">\n<div dir=\"auto\">\n<p>Lozano Hern\u00e1ndez es uno de los dos intempestivos enroques suscitados ayer en el gobierno de la aspirante a reelegirse en 2024 bajo el fallido lema de \u00abCon cargo o sin cargo s\u00ed cumple\u00bb.<\/p>\n<\/div>\n<\/div>\n<div class=\"x11i5rnm xat24cr x1mh8g0r x1vvkbs xtlvy1s x126k92a\" style=\"text-align: justify;\">\n<div dir=\"auto\">\n<p>El segundo movimiento se dio en la Direcci\u00f3n General de Comunicaci\u00f3n Social, donde fue designado <strong>Ignacio Orbe L\u00f3pez<\/strong>, profesor del Instituto Internacional de Estudios Pol\u00edticos <img loading=\"lazy\" decoding=\"async\" class=\"alignleft size-medium wp-image-1254091\" src=\"https:\/\/www.acapulcopress.com\/wp-content\/uploads\/2023\/05\/nacho-orbe-375x526.jpg\" alt=\"\" width=\"375\" height=\"526\" \/>Avanzados Ignacio Manuel Altamirano (<a class=\"x1i10hfl xjbqb8w x6umtig x1b1mbwd xaqea5y xav7gou x9f619 x1ypdohk xt0psk2 xe8uvvx xdj266r x11i5rnm xat24cr x1mh8g0r xexx8yu x4uap5 x18d9i69 xkhd6sd x16tdsg8 x1hl2dhg xggy1nq x1a2a7pz xt0b8zv x1qq9wsj xo1l8bm\" tabindex=\"0\" role=\"link\" href=\"https:\/\/www.facebook.com\/profile.php?id=100063482771394&amp;__cft__[0]=AZWGBZhEnl9rd7rbQm_NbrWdYfdqEH2M2RcMoMy4VtIzng_pqN0-6ZIKk9xGjXmKl02CC2JYDiSf_jiCO7hBTBTeohNUjWFp84ruzTv8zWPIHyg_AqAfYQ0L4QRL3JpuRVReiMtszezNeZzQpp4et4Ju&amp;__tn__=-]K-R\" target=\"_blank\" rel=\"noopener\"><span class=\"xt0psk2\">IIEPA IMA UAGro.<\/span><\/a>) y militante de <a class=\"x1i10hfl xjbqb8w x6umtig x1b1mbwd xaqea5y xav7gou x9f619 x1ypdohk xt0psk2 xe8uvvx xdj266r x11i5rnm xat24cr x1mh8g0r xexx8yu x4uap5 x18d9i69 xkhd6sd x16tdsg8 x1hl2dhg xggy1nq x1a2a7pz xt0b8zv x1qq9wsj xo1l8bm\" tabindex=\"0\" role=\"link\" href=\"https:\/\/www.facebook.com\/MovCiudadanoGro?__cft__[0]=AZWGBZhEnl9rd7rbQm_NbrWdYfdqEH2M2RcMoMy4VtIzng_pqN0-6ZIKk9xGjXmKl02CC2JYDiSf_jiCO7hBTBTeohNUjWFp84ruzTv8zWPIHyg_AqAfYQ0L4QRL3JpuRVReiMtszezNeZzQpp4et4Ju&amp;__tn__=-]K-R\" target=\"_blank\" rel=\"noopener\"><span class=\"xt0psk2\">Movimiento Ciudadano Guerrero<\/span><\/a> (MC) identificado con el grupo del fallecido ex alcalde de Acapulco, Luis Walton Aburto, ex aliado de Abelina L\u00f3pez, tras la destituci\u00f3n de <a class=\"x1i10hfl xjbqb8w x6umtig x1b1mbwd xaqea5y xav7gou x9f619 x1ypdohk xt0psk2 xe8uvvx xdj266r x11i5rnm xat24cr x1mh8g0r xexx8yu x4uap5 x18d9i69 xkhd6sd x16tdsg8 x1hl2dhg xggy1nq x1a2a7pz xt0b8zv x1qq9wsj xo1l8bm\" tabindex=\"0\" role=\"link\" href=\"https:\/\/www.facebook.com\/pedroelias.radillagonzalez?__cft__[0]=AZWGBZhEnl9rd7rbQm_NbrWdYfdqEH2M2RcMoMy4VtIzng_pqN0-6ZIKk9xGjXmKl02CC2JYDiSf_jiCO7hBTBTeohNUjWFp84ruzTv8zWPIHyg_AqAfYQ0L4QRL3JpuRVReiMtszezNeZzQpp4et4Ju&amp;__tn__=-]K-R\" target=\"_blank\" rel=\"noopener\"><span class=\"xt0psk2\">Pedro El\u00edas Radilla Gonz\u00e1lez<\/span><\/a>, quien fue removido tras la escandalosa filtraci\u00f3n de los m\u00e1s de 35 millones de pesos en contratos publicitarios de p\u00e1ginas de Facebook y otros medios de mediano alcance a quienes se mandataba defender, difundir y posicionar a Abelina L\u00f3pez a trav\u00e9s de sus espacios, pero ocurr\u00eda todo lo contrario por la falta alcance de lectores de las mismos portales contratados desde 150 mil, 200 y hasta 460 mil pesos mensuales. Pedro Radilla, sin embargo, no quedar\u00eda desempleados, pues al igual que ocurri\u00f3 con el anterior director de prensa, <a class=\"x1i10hfl xjbqb8w x6umtig x1b1mbwd xaqea5y xav7gou x9f619 x1ypdohk xt0psk2 xe8uvvx xdj266r x11i5rnm xat24cr x1mh8g0r xexx8yu x4uap5 x18d9i69 xkhd6sd x16tdsg8 x1hl2dhg xggy1nq x1a2a7pz xt0b8zv x1qq9wsj xo1l8bm\" tabindex=\"0\" role=\"link\" href=\"https:\/\/www.facebook.com\/javieroctavio.leonrubio?__cft__[0]=AZWGBZhEnl9rd7rbQm_NbrWdYfdqEH2M2RcMoMy4VtIzng_pqN0-6ZIKk9xGjXmKl02CC2JYDiSf_jiCO7hBTBTeohNUjWFp84ruzTv8zWPIHyg_AqAfYQ0L4QRL3JpuRVReiMtszezNeZzQpp4et4Ju&amp;__tn__=-]K-R\" target=\"_blank\" rel=\"noopener\"><span class=\"xt0psk2\">Javier Octavio Le\u00f3n Rubio<\/span><\/a>, que fue reacomodado como vocero de Presidencia, podr\u00eda regresar a CAPAMA, donde es empleado basificado, seg\u00fan testimonio del sindicato de esa dependencia.<\/p>\n<\/div>\n<\/div>\n<div class=\"x11i5rnm xat24cr x1mh8g0r x1vvkbs xtlvy1s x126k92a\" style=\"text-align: justify;\">\n<div dir=\"auto\">\n<p>El nombramiento de Hugo Lozano se da tambi\u00e9n tras las reveladoras declaraciones de H\u00e9ctor Alejandro Ju\u00e1rez Amador, quien recientemente hab\u00eda revelado que la Comisi\u00f3n de Agua Potable y Alcantarillado del Municipio de Acapulco (CAPAMA) operaba con con un \u00abd\u00e9ficit financiero superior a los mil 500 millones de pesos\u00bb y un \u00abadeudo \u00abde poco m\u00e1s de mil 700 millones de pesos por concepto de adeudos de energ\u00eda el\u00e9ctrica con la Comisi\u00f3n Federal de Electricidad\u00bb.<\/p>\n<\/div>\n<\/div>\n<div class=\"x11i5rnm xat24cr x1mh8g0r x1vvkbs xtlvy1s x126k92a\" style=\"text-align: justify;\">\n<div dir=\"auto\">\n<p>Alejandro Ju\u00e1rez solo dur\u00f3 en el cargo director general siete meses. El primer director de la CAPAMA fue Arturo Latab\u00e1n, quien fue removido bajo presi\u00f3n sindical; el segundo fue Jes\u00fas Flores Guevara, de quien tampoco no se dieron a conocer los motivos de su renuncia.<\/p>\n<p>El parentesco del nuevo encargado de CAPAMA con la titular de la Secretar\u00eda del Bienestar Acapulco lo confirma hoy mismo el diario <a href=\"https:\/\/suracapulco.mx\/deja-la-direccion-general-de-capama-hector-alejandro-juarez-amador\/\" target=\"_blank\" rel=\"noopener\"><em>El Sur<\/em><\/a> en su nota alusiva al nombramiento de Hugo Lozano.<\/p>\n<\/div>\n<\/div>\n<div class=\"x11i5rnm xat24cr x1mh8g0r x1vvkbs xtlvy1s x126k92a\">\n<div dir=\"auto\" style=\"text-align: justify;\">) S\u00edguenos en nuestra p\u00e1gina <a class=\"x1i10hfl xjbqb8w x6umtig x1b1mbwd xaqea5y xav7gou x9f619 x1ypdohk xt0psk2 xe8uvvx xdj266r x11i5rnm xat24cr x1mh8g0r xexx8yu x4uap5 x18d9i69 xkhd6sd x16tdsg8 x1hl2dhg xggy1nq x1a2a7pz xt0b8zv x1qq9wsj xo1l8bm\" tabindex=\"0\" role=\"link\" href=\"https:\/\/www.facebook.com\/acapulcopress.news?__cft__[0]=AZWGBZhEnl9rd7rbQm_NbrWdYfdqEH2M2RcMoMy4VtIzng_pqN0-6ZIKk9xGjXmKl02CC2JYDiSf_jiCO7hBTBTeohNUjWFp84ruzTv8zWPIHyg_AqAfYQ0L4QRL3JpuRVReiMtszezNeZzQpp4et4Ju&amp;__tn__=-]K-R\" target=\"_blank\" rel=\"noopener\"><span class=\"xt0psk2\">Acapulco Press<\/span><\/a><\/div>\n<\/div>\n","protected":false},"excerpt":{"rendered":"<p>* Comunicaci\u00f3n Social estrena su tercer director general\u00a0 ACAPULCO * 25 de mayo de 2023. ) Acapulco Press El nepotismo que jur\u00f3 combatir al asumir la presidencia de Acapulco el 30 de septiembre del 2021 se consuma como en el \u00e7\u00e1ncer del gobierno de Abelina L\u00f3pez Rodr\u00edguez: De manera sorpresiva renunci\u00f3 anoche el tercer director&#8230;<\/p>\n","protected":false},"author":2,"featured_media":1254101,"comment_status":"closed","ping_status":"closed","sticky":false,"template":"","format":"standard","meta":{"footnotes":""},"categories":[1972,1981,18561],"tags":[7366,10033],"class_list":["post-1254089","post","type-post","status-publish","format-standard","has-post-thumbnail","hentry","category-special","category-acapulco","category-society-politics","tag-direccion-general-de-comunicacion-social-acapulco","tag-ignacio-orbe-lopez"],"_links":{"self":[{"href":"https:\/\/www.acapulcopress.com\/index.php\/wp-json\/wp\/v2\/posts\/1254089","targetHints":{"allow":["GET"]}}],"collection":[{"href":"https:\/\/www.acapulcopress.com\/index.php\/wp-json\/wp\/v2\/posts"}],"about":[{"href":"https:\/\/www.acapulcopress.com\/index.php\/wp-json\/wp\/v2\/types\/post"}],"author":[{"embeddable":true,"href":"https:\/\/www.acapulcopress.com\/index.php\/wp-json\/wp\/v2\/users\/2"}],"replies":[{"embeddable":true,"href":"https:\/\/www.acapulcopress.com\/index.php\/wp-json\/wp\/v2\/comments?post=1254089"}],"version-history":[{"count":0,"href":"https:\/\/www.acapulcopress.com\/index.php\/wp-json\/wp\/v2\/posts\/1254089\/revisions"}],"wp:featuredmedia":[{"embeddable":true,"href":"https:\/\/www.acapulcopress.com\/index.php\/wp-json\/"}],"wp:attachment":[{"href":"https:\/\/www.acapulcopress.com\/index.php\/wp-json\/wp\/v2\/media?parent=1254089"}],"wp:term":[{"taxonomy":"category","embeddable":true,"href":"https:\/\/www.acapulcopress.com\/index.php\/wp-json\/wp\/v2\/categories?post=1254089"},{"taxonomy":"post_tag","embeddable":true,"href":"https:\/\/www.acapulcopress.com\/index.php\/wp-json\/wp\/v2\/tags?post=1254089"}],"curies":[{"name":"wp","href":"https:\/\/api.w.org\/{rel}","templated":true}]}}