{"id":1254138,"date":"2023-05-25T23:26:50","date_gmt":"2023-05-26T04:26:50","guid":{"rendered":"https:\/\/www.acapulcopress.com\/?p=1254138"},"modified":"2023-05-25T23:26:50","modified_gmt":"2023-05-26T04:26:50","slug":"anuncia-gobernadora-52-millones-de-pesos-para-obras-sociales-en-tlacoachistlahuaca","status":"publish","type":"post","link":"https:\/\/www.acapulcopress.com\/index.php\/2023\/05\/25\/anuncia-gobernadora-52-millones-de-pesos-para-obras-sociales-en-tlacoachistlahuaca\/","title":{"rendered":"Anuncia Gobernadora 52 millones de pesos para obras sociales en Tlacoachistlahuaca"},"content":{"rendered":"<p style=\"text-align: justify;\">TLACOACHISTLAHUACA * 25 de mayo de 2023.<br \/>\n<em>) Gobierno de Guerrero<\/em><br \/>\nAl reunirse con habitantes del municipio de Tlacoachistlahuaca, la gobernadora <a href=\"https:\/\/www.facebook.com\/EvelynSalgadoP\" target=\"_blank\" rel=\"noopener\"><span class=\"xv78j7m\" spellcheck=\"false\">Evelyn Salgado Pineda<\/span> <\/a>anunci\u00f3 una inversi\u00f3n de m\u00e1s de 52 millones de pesos para la realizaci\u00f3n <img loading=\"lazy\" decoding=\"async\" class=\"alignleft size-medium wp-image-1254152\" src=\"https:\/\/www.acapulcopress.com\/wp-content\/uploads\/2023\/05\/IMG-20230525-WA0045-375x211.jpg\" alt=\"\" width=\"375\" height=\"211\" \/>de obras de infraestructura social, carretera, educativa, urbana y de agua potable, lo que permitir\u00e1 mejorar el nivel de vida de los habitantes de ese municipio de la Costa Chica.<\/p>\n<p style=\"text-align: justify;\">Durante la realizaci\u00f3n de la Feria de Servicios Integrales, la mandataria refrend\u00f3 su compromiso de llevar la transformaci\u00f3n hasta el \u00faltimo rinc\u00f3n de la entidad, por lo que es importante realizar el acercamiento de las dependencias para que toda la poblaci\u00f3n tenga acceso a los diferentes tr\u00e1mites.<\/p>\n<p style=\"text-align: justify;\">\u00abComo nunca antes en la historia de Tlacoachistlahuaca, en tan poco tiempo, se hab\u00edan hecho tantas cosas y se hab\u00eda apoyado de esta manera. \u00bfY saben por qu\u00e9 se hace? Porque <img loading=\"lazy\" decoding=\"async\" class=\"alignleft size-medium wp-image-1254147\" src=\"https:\/\/www.acapulcopress.com\/wp-content\/uploads\/2023\/05\/IMG-20230525-WA0039-375x250.jpg\" alt=\"\" width=\"375\" height=\"250\" \/>tenemos mucho coraz\u00f3n, porque tenemos mucha voluntad, porque queremos mucho a Tlacoachistlahuaca y porque vamos a seguir trabajando todos los d\u00edas por el bien de este municipio\u00bb, dijo.<\/p>\n<p style=\"text-align: justify;\">\u00abTenemos el compromiso de que la transformaci\u00f3n llegue hasta el \u00faltimo rinc\u00f3n del estado de Guerrero. Por eso ustedes ven que las secretar\u00edas salen, ya no est\u00e1n en el Palacio de Gobierno, ya no est\u00e1n en la Casa del Pueblo; ahora ellos salen al territorio para ofrecer los servicios\u00bb, explic\u00f3.<\/p>\n<p style=\"text-align: justify;\">Acompa\u00f1ada por la presidenta municipal, <a href=\"https:\/\/www.facebook.com\/yarethsarai.pinedaarce\" target=\"_blank\" rel=\"noopener\">Yareth Sara\u00ed Pineda Arce,<\/a> la gobernadora dio a conocer que, como parte de esta inversi\u00f3n, se rehabilitar\u00e1 la red de agua potable, entreg\u00f3 un cami\u00f3n de recolecci\u00f3n de basura y dio a conocer que se llevar\u00e1 a cabo la certificaci\u00f3n de <img loading=\"lazy\" decoding=\"async\" class=\"alignleft size-medium wp-image-1254141\" src=\"https:\/\/www.acapulcopress.com\/wp-content\/uploads\/2023\/05\/IMG-20230525-WA0033-375x250.jpg\" alt=\"\" width=\"375\" height=\"250\" \/>miel en la Costa Chica y en la Monta\u00f1a, con un total de 6 mil 935 colmenas y 236 apiarios, con una producci\u00f3n de 208 mil kilogramos de miel, en beneficio de 184 apicultores de los 9 municipios de estas dos regiones.<\/p>\n<p style=\"text-align: justify;\">En cuanto a infraestructura educativa, por parte del Instituto Guerrerense de Infraestructura F\u00edsica Educativa (Igife), se invertir\u00e1n 8.4 millones de pesos, que se suman a los 3 millones que se invirtieron el a\u00f1o pasado.<\/p>\n<p style=\"text-align: justify;\">Adicionalmente, en materia de Bienestar habr\u00e1 una ejecuci\u00f3n de recursos por el orden de los 2 millones de pesos para Mejoramiento de Vivienda, Rehabilitaci\u00f3n de Escuelas, Pensi\u00f3n Guerrero, Programa de Alimentaci\u00f3n para el Bienestar de Ni\u00f1as y ni\u00f1os, entre otras <img loading=\"lazy\" decoding=\"async\" class=\"alignleft size-medium wp-image-1254142\" src=\"https:\/\/www.acapulcopress.com\/wp-content\/uploads\/2023\/05\/IMG-20230525-WA0034-375x250.jpg\" alt=\"\" width=\"375\" height=\"250\" \/>acciones.<\/p>\n<p style=\"text-align: justify;\">Durante su participaci\u00f3n, la presidenta municipal agradeci\u00f3 a la gobernadora todo su apoyo, lo que ha permitido avanzar en el cambio y en la transformaci\u00f3n del municipio, encontrando siempre las puertas abiertas a la gesti\u00f3n de la atenci\u00f3n y soluci\u00f3n de los problemas.<\/p>\n<p style=\"text-align: justify;\">\u00abHoy los pueblos ind\u00edgenas somos visibles. Usted est\u00e1 demostrando que es una gobernadora de altura, de territorio y no de escritorio y es por eso que desde aqu\u00ed, expresamos nuestro m\u00e1s sincero reconocimiento\u00bb, dijo.<\/p>\n<p style=\"text-align: justify;\">En este marco la mandataria estatal hizo entrega de registros de nacimiento, correcciones de actas y entreg\u00f3 apoyos diversos. Participaron en este evento el DIF Guerrero con la <img loading=\"lazy\" decoding=\"async\" class=\"alignleft size-medium wp-image-1254139\" src=\"https:\/\/www.acapulcopress.com\/wp-content\/uploads\/2023\/05\/IMG-20230525-WA0031-375x250.jpg\" alt=\"\" width=\"375\" height=\"250\" \/>entrega de aparatos funcionales y asesor\u00edas; la Secretar\u00eda del Bienestar; Secretar\u00eda de Desarrollo Urbano, Obras P\u00fablicas y Ordenamiento Territorial; Secretar\u00eda de Agricultura, Ganader\u00eda, Pesca y Desarrollo Rural; la Comisi\u00f3n de Agua Potable, Alcantarillado y Saneamiento del Estado de Guerrero; la Secretar\u00eda de Seguridad P\u00fablica; Registro Civil; Secretar\u00eda de Educaci\u00f3n Guerrero; Atenci\u00f3n a la Demanda Ciudadana, s\u00f3lo por mencionar algunas.<\/p>\n<p style=\"text-align: justify;\">Acompa\u00f1aron a la gobernadora la presidenta honoraria del sistema DIF Guerrero, Liz Salgado Pineda; el director de Capaseg, Facundo Gastelum F\u00e9lix; la titular de la Secretar\u00eda de Fomento y Desarrollo Econ\u00f3mico, Teodoroa Ram\u00edrez Vega, entre otros\u00a0funcionarios.<\/p>\n<p style=\"text-align: justify;\">) S\u00edguenos en nuestra p\u00e1gina <a class=\"x1fey0fg xmper1u x1edh9d7\" href=\"Facebook.com\/acapulcopress.news\" target=\"_blank\" rel=\"noopener\">Facebook.com\/acapulcopress.news<\/a><\/p>\n","protected":false},"excerpt":{"rendered":"<p>TLACOACHISTLAHUACA * 25 de mayo de 2023. ) Gobierno de Guerrero Al reunirse con habitantes del municipio de Tlacoachistlahuaca, la gobernadora Evelyn Salgado Pineda anunci\u00f3 una inversi\u00f3n de m\u00e1s de 52 millones de pesos para la realizaci\u00f3n de obras de infraestructura social, carretera, educativa, urbana y de agua potable, lo que permitir\u00e1 mejorar el nivel&#8230;<\/p>\n","protected":false},"author":2,"featured_media":1254140,"comment_status":"closed","ping_status":"closed","sticky":false,"template":"","format":"standard","meta":{"footnotes":""},"categories":[1983,18561],"tags":[8251,9302,17231,18222],"class_list":["post-1254138","post","type-post","status-publish","format-standard","has-post-thumbnail","hentry","category-guerrerogob","category-society-politics","tag-evelyn-salgado-pineda","tag-gobierno-de-guerrero","tag-tlacoachistlahuaca","tag-yareth-sarai-pineda-arce"],"_links":{"self":[{"href":"https:\/\/www.acapulcopress.com\/index.php\/wp-json\/wp\/v2\/posts\/1254138","targetHints":{"allow":["GET"]}}],"collection":[{"href":"https:\/\/www.acapulcopress.com\/index.php\/wp-json\/wp\/v2\/posts"}],"about":[{"href":"https:\/\/www.acapulcopress.com\/index.php\/wp-json\/wp\/v2\/types\/post"}],"author":[{"embeddable":true,"href":"https:\/\/www.acapulcopress.com\/index.php\/wp-json\/wp\/v2\/users\/2"}],"replies":[{"embeddable":true,"href":"https:\/\/www.acapulcopress.com\/index.php\/wp-json\/wp\/v2\/comments?post=1254138"}],"version-history":[{"count":0,"href":"https:\/\/www.acapulcopress.com\/index.php\/wp-json\/wp\/v2\/posts\/1254138\/revisions"}],"wp:featuredmedia":[{"embeddable":true,"href":"https:\/\/www.acapulcopress.com\/index.php\/wp-json\/"}],"wp:attachment":[{"href":"https:\/\/www.acapulcopress.com\/index.php\/wp-json\/wp\/v2\/media?parent=1254138"}],"wp:term":[{"taxonomy":"category","embeddable":true,"href":"https:\/\/www.acapulcopress.com\/index.php\/wp-json\/wp\/v2\/categories?post=1254138"},{"taxonomy":"post_tag","embeddable":true,"href":"https:\/\/www.acapulcopress.com\/index.php\/wp-json\/wp\/v2\/tags?post=1254138"}],"curies":[{"name":"wp","href":"https:\/\/api.w.org\/{rel}","templated":true}]}}