{"id":1254157,"date":"2023-05-25T23:45:31","date_gmt":"2023-05-26T04:45:31","guid":{"rendered":"https:\/\/www.acapulcopress.com\/?p=1254157"},"modified":"2023-05-25T23:45:31","modified_gmt":"2023-05-26T04:45:31","slug":"denuncian-penalmente-a-normalistas-de-oaxaca-por-vandalizar-palacio-de-gobierno","status":"publish","type":"post","link":"https:\/\/www.acapulcopress.com\/index.php\/2023\/05\/25\/denuncian-penalmente-a-normalistas-de-oaxaca-por-vandalizar-palacio-de-gobierno\/","title":{"rendered":"Denuncian penalmente a normalistas de Oaxaca por vandalizar Palacio de Gobierno"},"content":{"rendered":"<p style=\"text-align: justify;\">OAXACA * 25 de mayo de 2023.<br \/>\n<em>)\u00a0 <a href=\"https:\/\/latinus.us\/2023\/05\/25\/abren-20-carpetas-investigacion-oaxaca-normalistas-ocasionaron-destrozos-palacio-gobierno\/\" target=\"_blank\" rel=\"noopener\">LatinUs<\/a><\/em><br \/>\nEl secretario de Gobierno de Oaxaca, Jes\u00fas Romero L\u00f3pez, inform\u00f3 este jueves que hay 20 carpetas de investigaci\u00f3n abiertas contra estudiantes normalistas por los da\u00f1os ocasionados en el Palacio de Gobierno del estado cuando exig\u00edan la liberaci\u00f3n de uno de sus compa\u00f1eros, quien fue detenido por robar y vandalizar un inmueble del Instituto Estatal de Educaci\u00f3n P\u00fablica de Oaxaca (IEEPO).<\/p>\n<p style=\"text-align: justify;\">En conferencia de prensa, el funcionario estatal asegur\u00f3 que las investigaciones son por delitos graves, resaltando que durante la protesta los normalistas incendiaron un autob\u00fas frente al Palacio.<\/p>\n<p style=\"text-align: justify;\">\u201cEste es el espacio p\u00fablico de disfrute y uso de los oaxaque\u00f1os, no es una arena para que \u00fanicamente provoquen una imagen de conflictividad. Por eso se tom\u00f3 la decisi\u00f3n de replegarlos, no de reprimir, no hay un solo detenido, no hubo un solo golpeado, no hubo un solo agredido, al contrario, se encontraron petardos, se encontraron bombas molotov\u201d, dijo.<\/p>\n<p style=\"text-align: justify;\">Y agreg\u00f3: \u201cSi quieren incendiar el Palacio, quieren romper la puerta, agredir a ciudadanos, pues que nos disculpen, porque aqu\u00ed es el inter\u00e9s de toda la sociedad oaxaque\u00f1a\u201d.<\/p>\n<p style=\"text-align: justify;\">Asimismo, Romero afirm\u00f3 que la IEEPO va a continuar con las denuncias que interpuso ante la fiscal\u00eda del estado por el saqueo y el vandalismo del que fueron objeto sus instalaciones en protestas anteriores de los normalistas, quienes exigen una plaza laboral.<\/p>\n<p style=\"text-align: justify;\">Por su parte, la IEEPO inform\u00f3 en un comunicado que el estudiante normalista detenido enfrentar\u00e1 su proceso en libertad por los delitos que se le imputaron.<\/p>\n<p style=\"text-align: justify;\">\u201cNo se tolerar\u00e1n actos vand\u00e1licos contra la instituci\u00f3n que trasgredan los inmuebles o pongan en riesgo la integridad f\u00edsica del personal. Toda vez que estamos obligados a cuidar el patrimonio y tambi\u00e9n deriva una responsabilidad ser omisos\u201d, afirm\u00f3 director general den la IEEPO, Emilio Montero P\u00e9rez.<\/p>\n<p style=\"text-align: justify;\"><em>) S\u00edguenos en nuestra p\u00e1gina Facebook.com\/<a href=\"https:\/\/www.facebook.com\/acapulcopress.news\" target=\"_blank\" rel=\"noopener\">acapulcopress.news<\/a><\/em><\/p>\n","protected":false},"excerpt":{"rendered":"<p>OAXACA * 25 de mayo de 2023. )\u00a0 LatinUs El secretario de Gobierno de Oaxaca, Jes\u00fas Romero L\u00f3pez, inform\u00f3 este jueves que hay 20 carpetas de investigaci\u00f3n abiertas contra estudiantes normalistas por los da\u00f1os ocasionados en el Palacio de Gobierno del estado cuando exig\u00edan la liberaci\u00f3n de uno de sus compa\u00f1eros, quien fue detenido por&#8230;<\/p>\n","protected":false},"author":2,"featured_media":1254158,"comment_status":"closed","ping_status":"closed","sticky":false,"template":"","format":"standard","meta":{"footnotes":""},"categories":[1969,1989],"tags":[10271,10750,14171],"class_list":["post-1254157","post","type-post","status-publish","format-standard","has-post-thumbnail","hentry","category-trending","category-noticias-generales","tag-instituto-estatal-de-educacion-publica-de-oaxaca-ieepo","tag-jesus-romero-lopez","tag-palacio-de-gobierno-de-oaxaca"],"_links":{"self":[{"href":"https:\/\/www.acapulcopress.com\/index.php\/wp-json\/wp\/v2\/posts\/1254157","targetHints":{"allow":["GET"]}}],"collection":[{"href":"https:\/\/www.acapulcopress.com\/index.php\/wp-json\/wp\/v2\/posts"}],"about":[{"href":"https:\/\/www.acapulcopress.com\/index.php\/wp-json\/wp\/v2\/types\/post"}],"author":[{"embeddable":true,"href":"https:\/\/www.acapulcopress.com\/index.php\/wp-json\/wp\/v2\/users\/2"}],"replies":[{"embeddable":true,"href":"https:\/\/www.acapulcopress.com\/index.php\/wp-json\/wp\/v2\/comments?post=1254157"}],"version-history":[{"count":0,"href":"https:\/\/www.acapulcopress.com\/index.php\/wp-json\/wp\/v2\/posts\/1254157\/revisions"}],"wp:featuredmedia":[{"embeddable":true,"href":"https:\/\/www.acapulcopress.com\/index.php\/wp-json\/"}],"wp:attachment":[{"href":"https:\/\/www.acapulcopress.com\/index.php\/wp-json\/wp\/v2\/media?parent=1254157"}],"wp:term":[{"taxonomy":"category","embeddable":true,"href":"https:\/\/www.acapulcopress.com\/index.php\/wp-json\/wp\/v2\/categories?post=1254157"},{"taxonomy":"post_tag","embeddable":true,"href":"https:\/\/www.acapulcopress.com\/index.php\/wp-json\/wp\/v2\/tags?post=1254157"}],"curies":[{"name":"wp","href":"https:\/\/api.w.org\/{rel}","templated":true}]}}