{"id":1254160,"date":"2023-05-26T00:10:08","date_gmt":"2023-05-26T05:10:08","guid":{"rendered":"https:\/\/www.acapulcopress.com\/?p=1254160"},"modified":"2023-05-26T00:10:08","modified_gmt":"2023-05-26T05:10:08","slug":"congresoperu-declara-a-amlo-persona-non-grata","status":"publish","type":"post","link":"https:\/\/www.acapulcopress.com\/index.php\/2023\/05\/26\/congresoperu-declara-a-amlo-persona-non-grata\/","title":{"rendered":"CongresoPer\u00fa declara a AMLO persona non grata"},"content":{"rendered":"<p style=\"text-align: justify;\">LIMA * 25 de mayo de 2023.<br \/>\n<em>) <a href=\"https:\/\/www.proceso.com.mx\/nacional\/2023\/5\/25\/congreso-de-peru-declara-amlo-persona-non-grata-307641.html\" target=\"_blank\" rel=\"noopener\">Apro<\/a><\/em><br \/>\nEn el marco de los ataques cruzados entre el presidente<a href=\"https:\/\/www.facebook.com\/lopezobrador.org.mx\" target=\"_blank\" rel=\"noopener\"> Andr\u00e9s Manuel L\u00f3pez Obrador<\/a> y la presidenta peruana Dina Boluarte, el Congreso de Per\u00fa aprob\u00f3 hoy una moci\u00f3n que declara al mandatario mexicano como \u00abpersona non grata\u00bb.<\/p>\n<p style=\"text-align: justify;\">La moci\u00f3n plantea el \u00abrechazo a las inaceptables declaraciones\u00bb del presidente mexicano, que equipar\u00f3 con \u00abuna violaci\u00f3n con el principio de no injerencia en los asuntos que son de la jurisdicci\u00f3n interna de otro Estado\u00bb.<\/p>\n<p style=\"text-align: justify;\">El texto votado hoy deriva de una iniciativa aprobada la semana pasada por la comisi\u00f3n de relaciones exteriores del Congreso peruano, que denunciaba la decisi\u00f3n de L\u00f3pez Obrador de no entregar la presidencia de la Alianza del Pac\u00edfico al gobierno peruano.<\/p>\n<p style=\"text-align: justify;\">L\u00f3pez Obrador sigue sin reconocer a Boluarte como presidenta, pues considera que tom\u00f3 el poder por un golpe contra el expresidente Pedro Castillo, quien fue destituido y detenido despu\u00e9s de un intento fallido de disolver el Congreso y de gobernar por decreto.<\/p>\n<p style=\"text-align: justify;\">Firme en su postura contra el gobierno peruano, el mandatario mexicano asever\u00f3 el pasado martes que siente como un \u00abtimbre de orgullo\u00bb el ser nombrado persona non grata por una \u00ab\u00e9lite, una minor\u00eda rapaz, pol\u00edticos, corruptos, traficantes, de influencias, pol\u00edticos, corruptos, alquilados, alcahuetes\u00bb.<\/p>\n<p style=\"text-align: justify;\"><em>) S\u00edguenos en nuestra p\u00e1gina Facebook.com\/<a href=\"https:\/\/www.facebook.com\/acapulcopress.news\" target=\"_blank\" rel=\"noopener\">acapulcopress.news<\/a><\/em><\/p>\n","protected":false},"excerpt":{"rendered":"<p>LIMA * 25 de mayo de 2023. ) Apro En el marco de los ataques cruzados entre el presidente Andr\u00e9s Manuel L\u00f3pez Obrador y la presidenta peruana Dina Boluarte, el Congreso de Per\u00fa aprob\u00f3 hoy una moci\u00f3n que declara al mandatario mexicano como \u00abpersona non grata\u00bb. La moci\u00f3n plantea el \u00abrechazo a las inaceptables declaraciones\u00bb&#8230;<\/p>\n","protected":false},"author":2,"featured_media":1254161,"comment_status":"closed","ping_status":"closed","sticky":false,"template":"","format":"standard","meta":{"footnotes":""},"categories":[1997],"tags":[3896,6379,7327],"class_list":["post-1254160","post","type-post","status-publish","format-standard","has-post-thumbnail","hentry","category-noticias-destacadas","tag-andres-manuel-lopez-obrador","tag-congreso-de-peru","tag-dina-boluarte"],"_links":{"self":[{"href":"https:\/\/www.acapulcopress.com\/index.php\/wp-json\/wp\/v2\/posts\/1254160","targetHints":{"allow":["GET"]}}],"collection":[{"href":"https:\/\/www.acapulcopress.com\/index.php\/wp-json\/wp\/v2\/posts"}],"about":[{"href":"https:\/\/www.acapulcopress.com\/index.php\/wp-json\/wp\/v2\/types\/post"}],"author":[{"embeddable":true,"href":"https:\/\/www.acapulcopress.com\/index.php\/wp-json\/wp\/v2\/users\/2"}],"replies":[{"embeddable":true,"href":"https:\/\/www.acapulcopress.com\/index.php\/wp-json\/wp\/v2\/comments?post=1254160"}],"version-history":[{"count":0,"href":"https:\/\/www.acapulcopress.com\/index.php\/wp-json\/wp\/v2\/posts\/1254160\/revisions"}],"wp:featuredmedia":[{"embeddable":true,"href":"https:\/\/www.acapulcopress.com\/index.php\/wp-json\/"}],"wp:attachment":[{"href":"https:\/\/www.acapulcopress.com\/index.php\/wp-json\/wp\/v2\/media?parent=1254160"}],"wp:term":[{"taxonomy":"category","embeddable":true,"href":"https:\/\/www.acapulcopress.com\/index.php\/wp-json\/wp\/v2\/categories?post=1254160"},{"taxonomy":"post_tag","embeddable":true,"href":"https:\/\/www.acapulcopress.com\/index.php\/wp-json\/wp\/v2\/tags?post=1254160"}],"curies":[{"name":"wp","href":"https:\/\/api.w.org\/{rel}","templated":true}]}}