{"id":1254194,"date":"2023-05-26T21:18:11","date_gmt":"2023-05-27T02:18:11","guid":{"rendered":"https:\/\/www.acapulcopress.com\/?p=1254194"},"modified":"2023-05-26T21:18:11","modified_gmt":"2023-05-27T02:18:11","slug":"entrego-gobernadora-instrumentos-a-21-bandas-y-ensambles-tradicionales-de-guerrero","status":"publish","type":"post","link":"https:\/\/www.acapulcopress.com\/index.php\/2023\/05\/26\/entrego-gobernadora-instrumentos-a-21-bandas-y-ensambles-tradicionales-de-guerrero\/","title":{"rendered":"Entreg\u00f3 Gobernadora instrumentos a 21 bandas y ensambles tradicionales de Guerrero"},"content":{"rendered":"<p style=\"text-align: justify;\">CIUDAD DE M\u00c9XICO * 26 de mayo de 2023.<br \/>\n<em>) Gobierno de Guerrero<\/em><br \/>\nPara seguir incentivando el talento de los j\u00f3venes guerrerenses, desde el Complejo Cultural \u00abLos Pinos\u00bb, la gobernadora <a href=\"https:\/\/www.facebook.com\/EvelynSalgadoP\" target=\"_blank\" rel=\"noopener\">Evelyn Salgado Pineda<\/a> acompa\u00f1\u00f3 a la secretaria de Cultura <img loading=\"lazy\" decoding=\"async\" class=\"alignleft size-medium wp-image-1254198\" src=\"https:\/\/www.acapulcopress.com\/wp-content\/uploads\/2023\/05\/esp.banda4_-375x250.jpg\" alt=\"\" width=\"375\" height=\"250\" \/>Federal, Alejandra Frausto, a la entrega de instrumentos musicales a bandas de m\u00fasica y ensambles tradicionales de Guerrero y Morelos, como parte del Programa Nacional de Cultura Comunitaria \u00abSemilleros Creativos\u00bb.<\/p>\n<p style=\"text-align: justify;\">En su mensaje, acompa\u00f1ada por el titular de Cultura de Guerrero, Aida Mart\u00ednez, la gobernadora reiter\u00f3 que su gobierno seguir\u00e1 apoyando estos programas para hacer de las artes, de las costumbres y tradiciones un factor de transformaci\u00f3n en todas las regiones, apoyando el talento guerrerense y de la mano de la Secretar\u00eda de Cultura Federal.<\/p>\n<p style=\"text-align: justify;\">\u00abLa m\u00fasica es el lenguaje universal, es el lenguaje del amor, de todo lo bueno, en la construcci\u00f3n de la paz que la hacemos todas y todos. Gracias Alejandra Frausto por ser <img loading=\"lazy\" decoding=\"async\" class=\"alignleft size-medium wp-image-1254197\" src=\"https:\/\/www.acapulcopress.com\/wp-content\/uploads\/2023\/05\/esp.banda3_-375x250.jpg\" alt=\"\" width=\"375\" height=\"250\" \/>aliada de Guerrero\u00bb, expreso Evelyn Salgado a nombre del pueblo guerrerense y de los grupos musicales beneficiados.<\/p>\n<p style=\"text-align: justify;\">Adem\u00e1s, resalt\u00f3 el reconocimiento y respaldo para la entrega de estos instrumentos al Presidente Andr\u00e9s Manuel L\u00f3pez Obrador que brinda la posibilidad de que la m\u00fasica siga transformado vidas y aleje a las y los ni\u00f1os de malos h\u00e1bitos.<\/p>\n<p style=\"text-align: justify;\">Por su parte, la titular de Cultura Federal, Alejandra Frausto Guerrero, destac\u00f3 que adquirir los instrumentos no fue sencillo dado los problemas exteriores, lo que retard\u00f3 esta entrega como un proyecto prioritario del presidente Andr\u00e9s Manuel L\u00f3pez Obrador que se realiza en el Complejo Cultural de Los Pinos que ser\u00e1 sede un encuentro de 370 Semilleros Creativos <img loading=\"lazy\" decoding=\"async\" class=\"alignleft size-medium wp-image-1254195\" src=\"https:\/\/www.acapulcopress.com\/wp-content\/uploads\/2023\/05\/esp.banda_-375x250.jpg\" alt=\"\" width=\"375\" height=\"250\" \/>de todo el pa\u00eds.<\/p>\n<p style=\"text-align: justify;\">Frausto Guerrero puntualiz\u00f3 que a trav\u00e9s de este Programa Nacional de Cultura se siembra armon\u00eda y paz en cada uno de los rincones del pa\u00eds, por lo que reconoci\u00f3 el apoyo de la gobernadora Evelyn Salgado Pineda para hacer posible estas acciones en el estado de Guerrero.<\/p>\n<p style=\"text-align: justify;\">En el evento participaron distintas bandas y orquestas infantiles de Guerrero y del vecino estado de Morelos, donde se realiz\u00f3 la entrega simb\u00f3lica de instrumentos musicales con la presencia del compositor Arturo Marquez Navarro y la secretaria de Cultura de Guerrero, Aida Mart\u00ednez Rebolledo, as\u00ed como Roberto Renter\u00eda Yrene, Coordinador Nacional del Sistema Nacional de Fomento Musical,\u00a0entre\u00a0otros.<\/p>\n<p style=\"text-align: justify;\"><em>) S\u00edguenos en nuestra p\u00e1gina Facebook.com\/<a href=\"https:\/\/www.facebook.com\/acapulcopress.news\" target=\"_blank\" rel=\"noopener\">acapulcopress.news<\/a><\/em><\/p>\n","protected":false},"excerpt":{"rendered":"<p>CIUDAD DE M\u00c9XICO * 26 de mayo de 2023. ) Gobierno de Guerrero Para seguir incentivando el talento de los j\u00f3venes guerrerenses, desde el Complejo Cultural \u00abLos Pinos\u00bb, la gobernadora Evelyn Salgado Pineda acompa\u00f1\u00f3 a la secretaria de Cultura Federal, Alejandra Frausto, a la entrega de instrumentos musicales a bandas de m\u00fasica y ensambles tradicionales&#8230;<\/p>\n","protected":false},"author":2,"featured_media":1254196,"comment_status":"closed","ping_status":"closed","sticky":false,"template":"","format":"standard","meta":{"footnotes":""},"categories":[2058,1988],"tags":[8251],"class_list":["post-1254194","post","type-post","status-publish","format-standard","has-post-thumbnail","hentry","category-festivales-y-tradiciones","category-lifestyles","tag-evelyn-salgado-pineda"],"_links":{"self":[{"href":"https:\/\/www.acapulcopress.com\/index.php\/wp-json\/wp\/v2\/posts\/1254194","targetHints":{"allow":["GET"]}}],"collection":[{"href":"https:\/\/www.acapulcopress.com\/index.php\/wp-json\/wp\/v2\/posts"}],"about":[{"href":"https:\/\/www.acapulcopress.com\/index.php\/wp-json\/wp\/v2\/types\/post"}],"author":[{"embeddable":true,"href":"https:\/\/www.acapulcopress.com\/index.php\/wp-json\/wp\/v2\/users\/2"}],"replies":[{"embeddable":true,"href":"https:\/\/www.acapulcopress.com\/index.php\/wp-json\/wp\/v2\/comments?post=1254194"}],"version-history":[{"count":0,"href":"https:\/\/www.acapulcopress.com\/index.php\/wp-json\/wp\/v2\/posts\/1254194\/revisions"}],"wp:featuredmedia":[{"embeddable":true,"href":"https:\/\/www.acapulcopress.com\/index.php\/wp-json\/"}],"wp:attachment":[{"href":"https:\/\/www.acapulcopress.com\/index.php\/wp-json\/wp\/v2\/media?parent=1254194"}],"wp:term":[{"taxonomy":"category","embeddable":true,"href":"https:\/\/www.acapulcopress.com\/index.php\/wp-json\/wp\/v2\/categories?post=1254194"},{"taxonomy":"post_tag","embeddable":true,"href":"https:\/\/www.acapulcopress.com\/index.php\/wp-json\/wp\/v2\/tags?post=1254194"}],"curies":[{"name":"wp","href":"https:\/\/api.w.org\/{rel}","templated":true}]}}