{"id":1254201,"date":"2023-05-26T21:35:49","date_gmt":"2023-05-27T02:35:49","guid":{"rendered":"https:\/\/www.acapulcopress.com\/?p=1254201"},"modified":"2023-05-26T21:35:49","modified_gmt":"2023-05-27T02:35:49","slug":"gestiono-evelyn-salgado-ante-federacion-rehabilitacion-de-espacios-culturales-para-guerrero","status":"publish","type":"post","link":"https:\/\/www.acapulcopress.com\/index.php\/2023\/05\/26\/gestiono-evelyn-salgado-ante-federacion-rehabilitacion-de-espacios-culturales-para-guerrero\/","title":{"rendered":"Gestion\u00f3 Evelyn Salgado ante Federaci\u00f3n rehabilitaci\u00f3n de espacios culturales para Guerrero"},"content":{"rendered":"<p style=\"text-align: justify;\">CIUDAD DE M\u00c9XICO * 26 de mayo de 2023.<br \/>\n<em>) Gobierno de Guerrero<\/em><br \/>\nComo parte de su gira de trabajo por la Ciudad de M\u00e9xico, la gobernadora <a href=\"https:\/\/www.facebook.com\/EvelynSalgadoP\" target=\"_blank\" rel=\"noopener\">Evelyn Salgado <img loading=\"lazy\" decoding=\"async\" class=\"alignleft size-medium wp-image-1254202\" src=\"https:\/\/www.acapulcopress.com\/wp-content\/uploads\/2023\/05\/esp.cultura-375x280.jpg\" alt=\"\" width=\"375\" height=\"280\" \/>Pineda<\/a> sostuvo una reuni\u00f3n con la titular de Cultura federal, Alejandra Frausto Guerrero para dar seguimiento a diversos proyectos como la tercera etapa de rehabilitaci\u00f3n de la Casa de los Vientos en Acapulco y a una cartera de obras como parte del Programa Nacional de Reconstrucci\u00f3n.<\/p>\n<p style=\"text-align: justify;\">Entre otros temas abordados donde estuvieron representantes de la Sedatu, la mandataria estatal gestion\u00f3 la reconstrucci\u00f3n de la Biblioteca P\u00fablica \u201cAmbrosio Figueroa\u201d en Iguala, as\u00ed como al subsidio federal para la restauraci\u00f3n del patrimonio cultural, con el que Guerrero ser\u00e1 beneficiado a trav\u00e9s de 21 acciones de gran impacto gracias al apoyo incondicional de nuestro querido presidente Andr\u00e9s Manuel L\u00f3pez Obrador.<\/p>\n<p style=\"text-align: justify;\">Acompa\u00f1ada por la titular de Obras P\u00fablicas, Desarrollo Urbano y Ordenamiento Territorial <img loading=\"lazy\" decoding=\"async\" class=\"alignleft size-medium wp-image-1254203\" src=\"https:\/\/www.acapulcopress.com\/wp-content\/uploads\/2023\/05\/esp.cultura2-375x250.jpg\" alt=\"\" width=\"375\" height=\"250\" \/>de Guerrero, Irene Jim\u00e9nez Montiel, as\u00ed como de la titular de Cultura estatal, Aida Mart\u00ednez Rebolledo, la gobernadora Evelyn Salgado visit\u00f3 la tienda Fonart en el Complejo Cultural \u201cLos Pinos\u201d como parte de esta agenda de trabajo donde tambi\u00e9n se realizaron eventos de fomento a la cultural como la entrega de instrumentos para bandas de m\u00fasica y ensambles tradicionales\u00a0de\u00a0Guerrero.<\/p>\n<p style=\"text-align: justify;\"><em>) S\u00edguenos en nuestra p\u00e1gina Facebook.com\/<a href=\"https:\/\/www.facebook.com\/acapulcopress.news\" target=\"_blank\" rel=\"noopener\">acapulcopress.news<\/a><\/em><\/p>\n","protected":false},"excerpt":{"rendered":"<p>CIUDAD DE M\u00c9XICO * 26 de mayo de 2023. ) Gobierno de Guerrero Como parte de su gira de trabajo por la Ciudad de M\u00e9xico, la gobernadora Evelyn Salgado Pineda sostuvo una reuni\u00f3n con la titular de Cultura federal, Alejandra Frausto Guerrero para dar seguimiento a diversos proyectos como la tercera etapa de rehabilitaci\u00f3n de&#8230;<\/p>\n","protected":false},"author":2,"featured_media":1254204,"comment_status":"closed","ping_status":"closed","sticky":false,"template":"","format":"standard","meta":{"footnotes":""},"categories":[2025,1988],"tags":[3500,8251,9302],"class_list":["post-1254201","post","type-post","status-publish","format-standard","has-post-thumbnail","hentry","category-arte-y-literatura","category-lifestyles","tag-alejandra-frausto-guerrero","tag-evelyn-salgado-pineda","tag-gobierno-de-guerrero"],"_links":{"self":[{"href":"https:\/\/www.acapulcopress.com\/index.php\/wp-json\/wp\/v2\/posts\/1254201","targetHints":{"allow":["GET"]}}],"collection":[{"href":"https:\/\/www.acapulcopress.com\/index.php\/wp-json\/wp\/v2\/posts"}],"about":[{"href":"https:\/\/www.acapulcopress.com\/index.php\/wp-json\/wp\/v2\/types\/post"}],"author":[{"embeddable":true,"href":"https:\/\/www.acapulcopress.com\/index.php\/wp-json\/wp\/v2\/users\/2"}],"replies":[{"embeddable":true,"href":"https:\/\/www.acapulcopress.com\/index.php\/wp-json\/wp\/v2\/comments?post=1254201"}],"version-history":[{"count":0,"href":"https:\/\/www.acapulcopress.com\/index.php\/wp-json\/wp\/v2\/posts\/1254201\/revisions"}],"wp:featuredmedia":[{"embeddable":true,"href":"https:\/\/www.acapulcopress.com\/index.php\/wp-json\/"}],"wp:attachment":[{"href":"https:\/\/www.acapulcopress.com\/index.php\/wp-json\/wp\/v2\/media?parent=1254201"}],"wp:term":[{"taxonomy":"category","embeddable":true,"href":"https:\/\/www.acapulcopress.com\/index.php\/wp-json\/wp\/v2\/categories?post=1254201"},{"taxonomy":"post_tag","embeddable":true,"href":"https:\/\/www.acapulcopress.com\/index.php\/wp-json\/wp\/v2\/tags?post=1254201"}],"curies":[{"name":"wp","href":"https:\/\/api.w.org\/{rel}","templated":true}]}}