{"id":1254208,"date":"2023-05-26T21:55:27","date_gmt":"2023-05-27T02:55:27","guid":{"rendered":"https:\/\/www.acapulcopress.com\/?p=1254208"},"modified":"2023-05-26T21:55:27","modified_gmt":"2023-05-27T02:55:27","slug":"palpable-compromiso-del-congresogro-con-la-ninez-guerrerense-bety-mojica","status":"publish","type":"post","link":"https:\/\/www.acapulcopress.com\/index.php\/2023\/05\/26\/palpable-compromiso-del-congresogro-con-la-ninez-guerrerense-bety-mojica\/","title":{"rendered":"Palpable compromiso del #CongresoGro con la ni\u00f1ez guerrerense | Bety Mojica"},"content":{"rendered":"<p style=\"text-align: justify;\">CHILPANCINGO * 26 de mayo de 2023.<br \/>\n<em>) Congreso de Guerrero<\/em><br \/>\nLa diputada <a href=\"https:\/\/www.facebook.com\/BeatrizMojicaM\" target=\"_blank\" rel=\"noopener\">Beatriz Mojica Morga<\/a>, presidenta de la Comisi\u00f3n de los Derechos de los Ni\u00f1os y Adolescentes del Congreso, destac\u00f3 la importancia de que la ni\u00f1ez guerrerense se exprese <img loading=\"lazy\" decoding=\"async\" class=\"alignleft size-medium wp-image-1254210\" src=\"https:\/\/www.acapulcopress.com\/wp-content\/uploads\/2023\/05\/PARLAMENTO-INFANTIL-375x264.jpg\" alt=\"\" width=\"375\" height=\"264\" \/>desde la m\u00e1xima tribuna del estado para dar a conocer sus propuestas y opiniones, con la confianza de que el Congreso las retome y haga realidad.<\/p>\n<p style=\"text-align: justify;\">Al dar la bienvenida a las y los integrantes del XV Parlamento Infantil del Estado de Guerrero, la legisladora remarc\u00f3 que hoy la ni\u00f1ez tiene la oportunidad de expresarse, ejercer su derecho a la participaci\u00f3n y exponer en la tribuna opiniones, propuestas y situaciones que les afectan, con el firme objetivo de lograr un mejor estado.<\/p>\n<p style=\"text-align: justify;\">\u201cLas ni\u00f1as y ni\u00f1os deben ser prioridad en todos los \u00e1mbitos y se les debe garantizar el pleno ejercicio de sus derechos a la salud, educaci\u00f3n, vivienda y a una vida libre de violencia; por eso, deben ser una prioridad en el presupuesto, porque significan la mejor inversi\u00f3n para el presente y para el futuro. Lograr ni\u00f1os felices hoy, es garantizar adultos felices en el ma\u00f1ana\u201d, expuso.<\/p>\n<p style=\"text-align: justify;\">Abund\u00f3 que el compromiso del Poder Legislativo con la ni\u00f1ez guerrerense es palpable, para lo cual ejemplific\u00f3 que desde aqu\u00ed se logr\u00f3 otorgar mayores recursos en el Presupuesto Estatal de Egresos para la atenci\u00f3n de ni\u00f1as y ni\u00f1os con c\u00e1ncer, para el<\/p>\n<p style=\"text-align: justify;\">Sistema Nacional de Protecci\u00f3n de Ni\u00f1as, Ni\u00f1os y Adolescentes, las Procuradur\u00edas de Atenci\u00f3n a Ni\u00f1as y Ni\u00f1os, para la salud mental, as\u00ed como para erradicar la deserci\u00f3n escolar, los embarazos y la violencia infantil.<\/p>\n<p style=\"text-align: justify;\">En su intervenci\u00f3n, el secretario de Educaci\u00f3n en Guerrero, Marcial Rodr\u00edguez Salda\u00f1a, manifest\u00f3 que este ejercicio debe representar para las ni\u00f1as y ni\u00f1os una gran experiencia, pero sobre todo la oportunidad de dar a conocer sus vivencias y situaciones que enfrentan a diario en sus hogares, escuelas y otros sitios, en busca de soluciones desde el \u00e1mbito legislativo.<\/p>\n<p style=\"text-align: justify;\">Extern\u00f3 que la dependencia a su cargo est\u00e1 preocupada por proporcionar una formaci\u00f3n educativa de excelencia para lograr ciudadanas y ciudadanos que hagan frente efectivo a las adversidades actuales, lo cual ser\u00e1 posible mediante el trabajo conjunto entre docentes y padres de familia.<\/p>\n<p style=\"text-align: justify;\">En su oportunidad, la magistrada presidenta del Tribunal Electoral del Estado (TEEG), Evelyn Rodr\u00edguez Xinol, manifest\u00f3 su gratitud al Congreso del Estado por invitarlos a formar parte del XV Parlamento Infantil, ejercicio que fomenta la participaci\u00f3n abierta de ni\u00f1as y ni\u00f1os guerrerenses, cuyas ideas y propuestas deben tener eco en las y los diputados que hoy representan al pueblo de Guerrero.<\/p>\n<p style=\"text-align: justify;\">En representaci\u00f3n del Instituto Electoral y de Participaci\u00f3n Ciudadana (IEPC) intervino la consejera Vicenta Molina Revuelta, quien felicit\u00f3 no solo a la ni\u00f1ez participante del Parlamento, sino a sus padres y madres, as\u00ed como a sus maestros y maestras, por motivarlos y orientarlos para exponer clara y objetivamente sus necesidades, visi\u00f3n y propuestas, con la confianza de que ser\u00e1n retomadas por las diputadas y diputados.<\/p>\n<p style=\"text-align: justify;\">Particip\u00f3 tambi\u00e9n la diputada Nora Yanek Vel\u00e1zquez Mart\u00ednez, integrante de la Comisi\u00f3n de los Derechos de las Ni\u00f1as, Ni\u00f1os y Adolescentes, quien consider\u00f3 de la mayor relevancia que las y los legisladores escuchen el sentir de la ni\u00f1ez guerrerense, saber qu\u00e9 piensan y qu\u00e9 proponen para lograr un mejor ma\u00f1ana.<\/p>\n<p style=\"text-align: justify;\">Confi\u00f3, asimismo, en que los mensajes que expresen desde tribuna las ni\u00f1as y ni\u00f1os parlamentaristas ayudar\u00e1n a perfeccionar los ordenamientos jur\u00eddicos del estado, para beneficio de este sector.<\/p>\n<p style=\"text-align: justify;\">La edici\u00f3n XV del Parlamento Infantil de Guerrero se lleva a cabo en coordinaci\u00f3n con la Secretar\u00eda de Educaci\u00f3n Guerrero, IEPC, TEEG y Comisi\u00f3n de Derechos Humanos del Estado.<\/p>\n<p><strong>RECIBE CONGRESO DECLARATORIA DEL 12\u00ba PARLAMENTO DE LOS NI\u00d1OS\u00a0<\/strong><\/p>\n<p style=\"text-align: justify;\">Las diputadas Yanelly Hern\u00e1ndez Mart\u00ednez y Beatriz Mojica Morga, presidentas de la Mesa Directiva y de la Comisi\u00f3n de Derechos de las Ni\u00f1as, Ni\u00f1os y Adolescentes del Congreso del <img loading=\"lazy\" decoding=\"async\" class=\"alignleft size-medium wp-image-1254217\" src=\"https:\/\/www.acapulcopress.com\/wp-content\/uploads\/2023\/05\/DECLARATORIA-BOL-218-2-375x211.jpeg\" alt=\"\" width=\"375\" height=\"211\" \/>Estado, respectivamente, recibieron este jueves la Declaratoria del 12\u00ba Parlamento de las Ni\u00f1as y los Ni\u00f1os de M\u00e9xico, en la que se informa de las propuestas, compromisos y acuerdos adquiridos en dicho evento realizado a principios de este mes en la C\u00e1mara de Diputados del Congreso de la Uni\u00f3n.<\/p>\n<p style=\"text-align: justify;\">Lo anterior como parte de las actividades que se realizan en el Congreso de Guerrero con motivo del XV Parlamento Infantil, a desarrollarse este viernes a partir de las 10 horas, y en el que participar\u00e1n 47 ni\u00f1as y ni\u00f1os estudiantes del nivel primaria de las siete regiones de la entidad.<\/p>\n<p style=\"text-align: justify;\">En su mensaje, la diputada Yanelly Hern\u00e1ndez extern\u00f3 su reconocimiento a las y los <img loading=\"lazy\" decoding=\"async\" class=\"alignleft size-medium wp-image-1254221\" src=\"https:\/\/www.acapulcopress.com\/wp-content\/uploads\/2023\/05\/DECLARATORIA-BOL-218-6-375x211.jpeg\" alt=\"\" width=\"375\" height=\"211\" \/>parlamentaristas federales, porque, dijo, son el presente y futuro de Guerrero, quienes con coraz\u00f3n y entrega pueden llegar a ser en los pr\u00f3ximos a\u00f1os legisladores del Congreso local y del federal.<\/p>\n<p style=\"text-align: justify;\">Reconoci\u00f3, asimismo, a su hom\u00f3loga Beatriz Mojica por impulsar estas actividades que ponen de manifiesto el compromiso del Congreso con la ni\u00f1ez guerrerense, cuya voz ser\u00e1 tomada en\u00a0cuenta para el perfeccionamiento de las leyes en favor de este sector.<\/p>\n<p style=\"text-align: justify;\">Al tomar la palabra, la diputada Beatriz Mojica resalt\u00f3 como un hecho hist\u00f3rico que las y los participantes del Parlamento de las Ni\u00f1as y de los Ni\u00f1os de M\u00e9xico se den cita en el <img loading=\"lazy\" decoding=\"async\" class=\"alignleft size-medium wp-image-1254220\" src=\"https:\/\/www.acapulcopress.com\/wp-content\/uploads\/2023\/05\/DECLARATORIA-BOL-218-5-375x211.jpeg\" alt=\"\" width=\"375\" height=\"211\" \/>Congreso del Estado para dar a conocer sus experiencias a los parlamentaristas locales, lo que puede derivar en una propuesta conjunta que robustezca el marco jur\u00eddico para la protecci\u00f3n integral de la ni\u00f1ez y la adolescencia.<\/p>\n<p style=\"text-align: justify;\">Apunt\u00f3 que la comisi\u00f3n que preside estar\u00e1 atenta a las propuestas de las y los parlamentaristas y las retomar\u00e1 para generar leyes que ayuden a erradicar diferentes problem\u00e1ticas que afectan a la ni\u00f1ez guerrerense.<\/p>\n<p style=\"text-align: justify;\">\u201cEstamos trabajando seriamente en favor de la ni\u00f1ez porque es el coraz\u00f3n de Guerrero; por eso debemos lograr un cambio verdadero en su favor, porque si tenemos ni\u00f1os felices, tendremos adultos felices\u201d, exclam\u00f3.<\/p>\n<p style=\"text-align: justify;\"><img loading=\"lazy\" decoding=\"async\" class=\"alignleft size-medium wp-image-1254219\" src=\"https:\/\/www.acapulcopress.com\/wp-content\/uploads\/2023\/05\/DECLARATORIA-BOL-218-4-375x211.jpeg\" alt=\"\" width=\"375\" height=\"211\" \/>Por \u00faltimo, se hizo entrega de reconocimientos a las y los parlamentaristas Joseph \u00c1ngelo Ventura Arana, Cinthya Mayrim Gonz\u00e1lez G\u00f3mez, Sof\u00eda Valentina Ju\u00e1rez Ju\u00e1rez, Paula Rebeca Rodr\u00edguez Carmona, Iyari Watsixiang Ramos Bautista, Axel Gael Nava Hern\u00e1ndez, Brayan Alexander \u00c1vila Vega, Juan Rend\u00f3n Tapia y Francisco Garc\u00eda Casarrubias.<\/p>\n<p style=\"text-align: justify;\">Atestiguaron el acto Donaciano Mu\u00f1oz Loyola, vocal de la Junta Local Ejecutiva del INE; Jos\u00e9 Enrique P\u00e9rez Franco, coordinador territorial de Conafe, entre otros funcionarios.<\/p>\n<p style=\"text-align: justify;\">Posterior a este evento, las ni\u00f1as y ni\u00f1os participaron en el taller \u201cForjadoras y forjadores de la democracia\u201d, consistente en actividades did\u00e1cticas sobre la organizaci\u00f3n de elecciones y el papel de los partidos pol\u00edticos y la sociedad en este tipo de procesos.<\/p>\n<p style=\"text-align: justify;\">De acuerdo con el rendimiento mostrado durante este taller, se seleccion\u00f3 a las y los integrantes de la Mesa Directiva que\u00a0coordinar\u00e1 los trabajos del Parlamento, quedando como presidenta Aracely Guerrero Moctezuma; primer vicepresidente, Adri\u00e1n Guillermo Gonz\u00e1lez Santos; segunda vicepresidenta, Ariany Guadalupe Delgado Gama; secretario propietario, Josu\u00e9 M\u00e1ximo Uri\u00f3stegui; secretaria propietaria, Emily Alejandra G\u00f3mez Garz\u00f3n; secretario suplente, Samuel Rosales Hern\u00e1ndez; secretario suplente, Emdy Marl\u00e9n Claudio Cruz, y secretario de Estudios Parlamentarios, Daniel Reyes Ayala<\/p>\n<p style=\"text-align: justify;\"><em>) S\u00edguenos en nuestra p\u00e1gina Facebook.com\/<a href=\"https:\/\/www.facebook.com\/acapulcopress.news\" target=\"_blank\" rel=\"noopener\">acapulcopress.news<\/a><\/em><\/p>\n","protected":false},"excerpt":{"rendered":"<p>CHILPANCINGO * 26 de mayo de 2023. ) Congreso de Guerrero La diputada Beatriz Mojica Morga, presidenta de la Comisi\u00f3n de los Derechos de los Ni\u00f1os y Adolescentes del Congreso, destac\u00f3 la importancia de que la ni\u00f1ez guerrerense se exprese desde la m\u00e1xima tribuna del estado para dar a conocer sus propuestas y opiniones, con&#8230;<\/p>\n","protected":false},"author":2,"featured_media":1254209,"comment_status":"closed","ping_status":"closed","sticky":false,"template":"","format":"standard","meta":{"footnotes":""},"categories":[61,18561],"tags":[4637,18173],"class_list":["post-1254208","post","type-post","status-publish","format-standard","has-post-thumbnail","hentry","category-legislacion","category-society-politics","tag-beatriz-mojica-morga","tag-xv-parlamento-infantil-del-estado-de-guerrero"],"_links":{"self":[{"href":"https:\/\/www.acapulcopress.com\/index.php\/wp-json\/wp\/v2\/posts\/1254208","targetHints":{"allow":["GET"]}}],"collection":[{"href":"https:\/\/www.acapulcopress.com\/index.php\/wp-json\/wp\/v2\/posts"}],"about":[{"href":"https:\/\/www.acapulcopress.com\/index.php\/wp-json\/wp\/v2\/types\/post"}],"author":[{"embeddable":true,"href":"https:\/\/www.acapulcopress.com\/index.php\/wp-json\/wp\/v2\/users\/2"}],"replies":[{"embeddable":true,"href":"https:\/\/www.acapulcopress.com\/index.php\/wp-json\/wp\/v2\/comments?post=1254208"}],"version-history":[{"count":0,"href":"https:\/\/www.acapulcopress.com\/index.php\/wp-json\/wp\/v2\/posts\/1254208\/revisions"}],"wp:featuredmedia":[{"embeddable":true,"href":"https:\/\/www.acapulcopress.com\/index.php\/wp-json\/"}],"wp:attachment":[{"href":"https:\/\/www.acapulcopress.com\/index.php\/wp-json\/wp\/v2\/media?parent=1254208"}],"wp:term":[{"taxonomy":"category","embeddable":true,"href":"https:\/\/www.acapulcopress.com\/index.php\/wp-json\/wp\/v2\/categories?post=1254208"},{"taxonomy":"post_tag","embeddable":true,"href":"https:\/\/www.acapulcopress.com\/index.php\/wp-json\/wp\/v2\/tags?post=1254208"}],"curies":[{"name":"wp","href":"https:\/\/api.w.org\/{rel}","templated":true}]}}