{"id":1254226,"date":"2023-05-26T22:51:40","date_gmt":"2023-05-27T03:51:40","guid":{"rendered":"https:\/\/www.acapulcopress.com\/?p=1254226"},"modified":"2023-05-26T22:51:40","modified_gmt":"2023-05-27T03:51:40","slug":"javier-saldana-gana-eleccion-para-rectoria-de-uagro-2023-2027","status":"publish","type":"post","link":"https:\/\/www.acapulcopress.com\/index.php\/2023\/05\/26\/javier-saldana-gana-eleccion-para-rectoria-de-uagro-2023-2027\/","title":{"rendered":"Javier Salda\u00f1a gana elecci\u00f3n para Rector\u00eda de UAGro 2023\/2027"},"content":{"rendered":"<p style=\"text-align: justify;\">CHILPANCINGO * 26 de mayo de 2023.<br \/>\n<em>) <span class=\"xv78j7m\" spellcheck=\"false\">Acapulco Press<\/span><\/em><br \/>\nCon 62 mil 407 votos a favor, la Comisi\u00f3n Electoral del Consejo Universitario de la <a href=\"https:\/\/www.facebook.com\/UAGro.MX.Oficial\" target=\"_blank\" rel=\"noopener\"><img loading=\"lazy\" decoding=\"async\" class=\"alignleft size-medium wp-image-1254229\" src=\"https:\/\/www.acapulcopress.com\/wp-content\/uploads\/2023\/05\/javier-saldana-2-375x667.jpg\" alt=\"\" width=\"375\" height=\"667\" \/>Universidad Aut\u00f3noma de Guerrero<\/a> (UAGro) declar\u00f3 que <a href=\"https:\/\/www.facebook.com\/JavSaldana\" target=\"_blank\" rel=\"noopener\"><span class=\"xv78j7m\" spellcheck=\"false\">Javier Salda\u00f1a<\/span> Almaz\u00e1n<\/a> result\u00f3 ganador de la elecci\u00f3n para renovar Rector\u00eda de la <span class=\"xv78j7m\" spellcheck=\"false\">#UAGro<\/span> para el per\u00edodo 2023-2027, inform\u00f3 dicha comisi\u00f3n a trav\u00e9s de un Comunicado oficial.<\/p>\n<p style=\"text-align: justify;\">Tras el conteo preliminar, dicha comisi\u00f3n dio a conocer que hubo 4 mil 55 abstenciones y 670 votos nulos, lo que significa que votaron 67 mil 132 universitarios de 80 mil 440 inscritos en el padr\u00f3n universitario.<\/p>\n<p style=\"text-align: justify;\">Salda\u00f1a Almaz\u00e1n gana la elecci\u00f3n para Rector con un hist\u00f3rico 83.45 por ciento; cabe destacar que hasta el momento no se ha presentado ninguna queja o inconformidad por los resultados que declaran virtualmente a Javier Salda\u00f1a como nuevo Rector de la UAGro, tras una elecci\u00f3n sin precedentes donde \u00abimper\u00f3 la unidad, fueron pac\u00edficas y exitosas, y gan\u00f3 el mejor\u00bb, como bien dijo el ganador en su cierre de campa\u00f1a.<\/p>\n<p style=\"text-align: justify;\">Ser\u00e1 el pr\u00f3ximo 2 de junio cuando el Consejo Universitario califique oficialmente la elecci\u00f3n; de aprobarse, el 6 de junio Javier Salda\u00f1a Almaz\u00e1n recibir\u00e1 su Constancia que lo acredite como vencedor de los comicios por la Rector\u00eda de la <span class=\"xv78j7m\" spellcheck=\"false\">UAGro Universidad Aut\u00f3noma de Guerrero<\/span> para el per\u00edodo 2023\/27.<\/p>\n<p style=\"text-align: justify;\">\u00a1Ahora s\u00ed, \u00ablo mejor est\u00e1 por venir\u00bb para la UAGro!, reza el lema del candidato ganador.<\/p>\n<p style=\"text-align: justify;\"><em>) S\u00edguenos en nuestra p\u00e1gina de Facebook<a href=\"https:\/\/www.facebook.com\/acapulcopress.news\" target=\"_blank\" rel=\"noopener\"> <span class=\"xv78j7m\" spellcheck=\"false\">Acapulco Press<\/span><\/a><\/em><\/p>\n","protected":false},"excerpt":{"rendered":"<p>CHILPANCINGO * 26 de mayo de 2023. ) Acapulco Press Con 62 mil 407 votos a favor, la Comisi\u00f3n Electoral del Consejo Universitario de la Universidad Aut\u00f3noma de Guerrero (UAGro) declar\u00f3 que Javier Salda\u00f1a Almaz\u00e1n result\u00f3 ganador de la elecci\u00f3n para renovar Rector\u00eda de la #UAGro para el per\u00edodo 2023-2027, inform\u00f3 dicha comisi\u00f3n a trav\u00e9s&#8230;<\/p>\n","protected":false},"author":2,"featured_media":1254227,"comment_status":"closed","ping_status":"closed","sticky":false,"template":"","format":"standard","meta":{"footnotes":""},"categories":[18561,2016],"tags":[10644,17610],"class_list":["post-1254226","post","type-post","status-publish","format-standard","has-post-thumbnail","hentry","category-society-politics","category-uagro-society-politics","tag-javier-saldana-almazan","tag-universidad-autonoma-de-guerrero-uagro"],"_links":{"self":[{"href":"https:\/\/www.acapulcopress.com\/index.php\/wp-json\/wp\/v2\/posts\/1254226","targetHints":{"allow":["GET"]}}],"collection":[{"href":"https:\/\/www.acapulcopress.com\/index.php\/wp-json\/wp\/v2\/posts"}],"about":[{"href":"https:\/\/www.acapulcopress.com\/index.php\/wp-json\/wp\/v2\/types\/post"}],"author":[{"embeddable":true,"href":"https:\/\/www.acapulcopress.com\/index.php\/wp-json\/wp\/v2\/users\/2"}],"replies":[{"embeddable":true,"href":"https:\/\/www.acapulcopress.com\/index.php\/wp-json\/wp\/v2\/comments?post=1254226"}],"version-history":[{"count":0,"href":"https:\/\/www.acapulcopress.com\/index.php\/wp-json\/wp\/v2\/posts\/1254226\/revisions"}],"wp:featuredmedia":[{"embeddable":true,"href":"https:\/\/www.acapulcopress.com\/index.php\/wp-json\/"}],"wp:attachment":[{"href":"https:\/\/www.acapulcopress.com\/index.php\/wp-json\/wp\/v2\/media?parent=1254226"}],"wp:term":[{"taxonomy":"category","embeddable":true,"href":"https:\/\/www.acapulcopress.com\/index.php\/wp-json\/wp\/v2\/categories?post=1254226"},{"taxonomy":"post_tag","embeddable":true,"href":"https:\/\/www.acapulcopress.com\/index.php\/wp-json\/wp\/v2\/tags?post=1254226"}],"curies":[{"name":"wp","href":"https:\/\/api.w.org\/{rel}","templated":true}]}}