{"id":1254232,"date":"2023-05-26T23:31:02","date_gmt":"2023-05-27T04:31:02","guid":{"rendered":"https:\/\/www.acapulcopress.com\/?p=1254232"},"modified":"2023-05-26T23:31:02","modified_gmt":"2023-05-27T04:31:02","slug":"ine-aplica-medida-cautelar-al-presidente-amlo","status":"publish","type":"post","link":"https:\/\/www.acapulcopress.com\/index.php\/2023\/05\/26\/ine-aplica-medida-cautelar-al-presidente-amlo\/","title":{"rendered":"INE aplica medida cautelar al Presidente AMLO"},"content":{"rendered":"<p style=\"text-align: justify;\">CIUDAD DE M\u00c9XICO * 26 de mayo de 2023.<br \/>\n<em>) <a href=\"https:\/\/latinus.us\/2023\/05\/26\/ine-dicta-medidas-preventivas-contra-amlo-vulnerar-equidad-elecciones-edomex\/\" target=\"_blank\" rel=\"noopener\">LatinUs<\/a><\/em><br \/>\nLa Comisi\u00f3n de Quejas y Denuncias del <a href=\"https:\/\/www.facebook.com\/INEMexico\" target=\"_blank\" rel=\"noopener\">Instituto Nacional Electoral<\/a> (INE) aprob\u00f3 por unanimidad este viernes la medida cautelar solicitada por el <a href=\"https:\/\/www.facebook.com\/PartidodelaRevolucionDemocratica\" target=\"_blank\" rel=\"noopener\">Partido de la Revoluci\u00f3n Democr\u00e1tica<\/a> (PRD) y el diputado Jorge \u00c1lvarez M\u00e1ynez, de Movimiento Ciudadano, contra el presidente<a href=\"https:\/\/www.facebook.com\/lopezobrador.org.mx\" target=\"_blank\" rel=\"noopener\"> Andr\u00e9s Manuel L\u00f3pez Obrador<\/a> por vulnerar los principios de equidad en el proceso electoral del Estado de M\u00e9xico.<\/p>\n<p style=\"text-align: justify;\">La queja presentada ante el INE denuncia que en la conferencia matutina del 24 de mayo pasado, el mandatario federal habl\u00f3 sobre los \u201cprogramas sociales que ejecuta su gobierno con fines de posicionamiento en la campa\u00f1a de la elecci\u00f3n del Estado de M\u00e9xico\u201d.<\/p>\n<p style=\"text-align: justify;\">Durante la sesi\u00f3n celebrada por los consejeros de la Comisi\u00f3n se detall\u00f3 que debido a estos pronunciamientos, el presidente L\u00f3pez Obrador tambi\u00e9n pudo influir a favor de Morena en la contienda electoral de Coahuila, en donde se elegir\u00e1n al gobernador y a 25 diputados.<\/p>\n<p style=\"text-align: justify;\">La Comisi\u00f3n de Quejas se\u00f1al\u00f3 que existe un riesgo en la conducta denunciada debido a que en otras ocasiones se ha conminado al presidente L\u00f3pez Obrador a \u201cajustara sus actos y conductas a los par\u00e1metros constitucionales, conduci\u00e9ndose con imparcialidad y neutralidad a fin de no afectar la equidad en las contiendas electorales\u201d.<\/p>\n<p style=\"text-align: justify;\">En la denuncia se se\u00f1ala al mandatario del \u201cpresunto uso indebido de recursos p\u00fablicos, violaci\u00f3n al principio de imparcialidad y equidad en la contienda electoral y promoci\u00f3n personalizada\u201d.<\/p>\n<p style=\"text-align: justify;\">En el Estado de M\u00e9xico y en Coahuila se elegir\u00e1n el pr\u00f3ximo domingo 4 de junio a gobernadores, por lo que est\u00e1 previsto por el INE que el \u00faltimo d\u00eda de campa\u00f1a electoral de los candidatos sea el mi\u00e9rcoles 31 de mayo.<\/p>\n<p style=\"text-align: justify;\"><em>) S\u00edguenos en nuestra p\u00e1gina Facebook.com\/<a href=\"https:\/\/www.facebook.com\/acapulcopress.news\" target=\"_blank\" rel=\"noopener\">acapulcopress.news<\/a><\/em><\/p>\n","protected":false},"excerpt":{"rendered":"<p>CIUDAD DE M\u00c9XICO * 26 de mayo de 2023. ) LatinUs La Comisi\u00f3n de Quejas y Denuncias del Instituto Nacional Electoral (INE) aprob\u00f3 por unanimidad este viernes la medida cautelar solicitada por el Partido de la Revoluci\u00f3n Democr\u00e1tica (PRD) y el diputado Jorge \u00c1lvarez M\u00e1ynez, de Movimiento Ciudadano, contra el presidente Andr\u00e9s Manuel L\u00f3pez Obrador&#8230;<\/p>\n","protected":false},"author":2,"featured_media":1254233,"comment_status":"closed","ping_status":"closed","sticky":false,"template":"","format":"standard","meta":{"footnotes":""},"categories":[1997],"tags":[3896,10337,10880,14277],"class_list":["post-1254232","post","type-post","status-publish","format-standard","has-post-thumbnail","hentry","category-noticias-destacadas","tag-andres-manuel-lopez-obrador","tag-instituto-nacional-electoral-ine","tag-jorge-alvarez-maynez","tag-partido-de-la-revolucion-democratica-prd"],"_links":{"self":[{"href":"https:\/\/www.acapulcopress.com\/index.php\/wp-json\/wp\/v2\/posts\/1254232","targetHints":{"allow":["GET"]}}],"collection":[{"href":"https:\/\/www.acapulcopress.com\/index.php\/wp-json\/wp\/v2\/posts"}],"about":[{"href":"https:\/\/www.acapulcopress.com\/index.php\/wp-json\/wp\/v2\/types\/post"}],"author":[{"embeddable":true,"href":"https:\/\/www.acapulcopress.com\/index.php\/wp-json\/wp\/v2\/users\/2"}],"replies":[{"embeddable":true,"href":"https:\/\/www.acapulcopress.com\/index.php\/wp-json\/wp\/v2\/comments?post=1254232"}],"version-history":[{"count":0,"href":"https:\/\/www.acapulcopress.com\/index.php\/wp-json\/wp\/v2\/posts\/1254232\/revisions"}],"wp:featuredmedia":[{"embeddable":true,"href":"https:\/\/www.acapulcopress.com\/index.php\/wp-json\/"}],"wp:attachment":[{"href":"https:\/\/www.acapulcopress.com\/index.php\/wp-json\/wp\/v2\/media?parent=1254232"}],"wp:term":[{"taxonomy":"category","embeddable":true,"href":"https:\/\/www.acapulcopress.com\/index.php\/wp-json\/wp\/v2\/categories?post=1254232"},{"taxonomy":"post_tag","embeddable":true,"href":"https:\/\/www.acapulcopress.com\/index.php\/wp-json\/wp\/v2\/tags?post=1254232"}],"curies":[{"name":"wp","href":"https:\/\/api.w.org\/{rel}","templated":true}]}}