{"id":1254255,"date":"2023-05-29T20:07:07","date_gmt":"2023-05-30T01:07:07","guid":{"rendered":"https:\/\/www.acapulcopress.com\/?p=1254255"},"modified":"2023-05-29T20:07:07","modified_gmt":"2023-05-30T01:07:07","slug":"congreso-de-cdmx-aprueba-uso-de-uniforme-escolar-neutro","status":"publish","type":"post","link":"https:\/\/www.acapulcopress.com\/index.php\/2023\/05\/29\/congreso-de-cdmx-aprueba-uso-de-uniforme-escolar-neutro\/","title":{"rendered":"Congreso de CdMx aprueba uso de uniforme escolar neutro"},"content":{"rendered":"<p style=\"text-align: justify;\">CIUDAD DE M\u00c9XICO * 29 de mayo de 2023.<br \/>\n<em>) <a href=\"https:\/\/www.proceso.com.mx\/nacional\/cdmx\/2023\/5\/26\/aprueban-uniforme-neutro-en-escuelas-de-la-cdmx-los-alumnos-decidiran-si-usan-pantalon-falda-307708.html\" target=\"_blank\" rel=\"noopener\">Apro<\/a><\/em><br \/>\nEstudiantes de k\u00ednder, primaria y secundaria de escuelas p\u00fablicas y privadas de la Ciudad de M\u00e9xico ya podr\u00e1n decidir si llevan falda o pantal\u00f3n como uniforme, de acuerdo a lo que aprob\u00f3 el Congreso capitalino.<\/p>\n<p style=\"text-align: justify;\">En la sesi\u00f3n ordinaria de ayer, los legisladores locales hicieron reformas a la Ley de Educaci\u00f3n de la CdMx para hacer posible el uso del \u201cuniforme neutro\u201d, como lo propuso la jefa de gobierno, <a href=\"https:\/\/www.facebook.com\/ClaudiaSheinbaumPardo\" target=\"_blank\" rel=\"noopener\">Claudia Sheinbaum<\/a>. La votaci\u00f3n fue 36 votos a favor, contra y 13 abstenciones.<\/p>\n<p style=\"text-align: justify;\">\u201cToda ni\u00f1a, ni\u00f1o y adolescente tiene derecho al libre desarrollo de su personalidad. En los centros escolares, tanto p\u00fablicos como particulares, se permitir\u00e1 que las ni\u00f1as utilicen uniforme neutro. Ni\u00f1as y ni\u00f1os podr\u00e1n elegir libremente si desean usar pantal\u00f3n o falda para asistir a clases\u201d, dice la reforma la art\u00edculo 6 BIS.<\/p>\n<p style=\"text-align: justify;\">Agreg\u00f3 que \u201clos centros escolares deber\u00e1n abstenerse de imponer reglas que impliquen restricciones a los derechos del alumnado, motivadas por su apariencia f\u00edsica\u201d.<\/p>\n<p style=\"text-align: justify;\">Diputados de Morena destacaron que la incorporaci\u00f3n del uniforme neutro tiene como prop\u00f3sito reconocer los derechos y libertades de las ni\u00f1as, ni\u00f1os y adolescentes.<\/p>\n<p style=\"text-align: justify;\">En 2019, Sheinbaum Pardo present\u00f3 la estrategia \u201cUniforme Neutro\u201d de uso libre en las escuelas de nivel b\u00e1sico, aunque no se implement\u00f3 como ley.<\/p>\n<p style=\"text-align: justify;\"><strong>Preescolar ya no ser\u00e1 obligatorio<\/strong><\/p>\n<p style=\"text-align: justify;\">El Congreso de la CdMx tambi\u00e9n elimin\u00f3 el requisito de cursar tres a\u00f1os de educaci\u00f3n preescolar para entrar a la primaria. La medida fue aprobada por 42 votos a favor, cero en contra y ocho abstenciones.<\/p>\n<p style=\"text-align: justify;\"><em>) S\u00edguenos en nuestra p\u00e1gina Facebook.com\/<a href=\"https:\/\/www.facebook.com\/acapulcopress.news\" target=\"_blank\" rel=\"noopener\">acapulcopress.news<\/a><\/em><\/p>\n","protected":false},"excerpt":{"rendered":"<p>CIUDAD DE M\u00c9XICO * 29 de mayo de 2023. ) Apro Estudiantes de k\u00ednder, primaria y secundaria de escuelas p\u00fablicas y privadas de la Ciudad de M\u00e9xico ya podr\u00e1n decidir si llevan falda o pantal\u00f3n como uniforme, de acuerdo a lo que aprob\u00f3 el Congreso capitalino. En la sesi\u00f3n ordinaria de ayer, los legisladores locales&#8230;<\/p>\n","protected":false},"author":2,"featured_media":1254256,"comment_status":"closed","ping_status":"closed","sticky":false,"template":"","format":"standard","meta":{"footnotes":""},"categories":[1972,2007,1988],"tags":[5850,6372,17577],"class_list":["post-1254255","post","type-post","status-publish","format-standard","has-post-thumbnail","hentry","category-special","category-sexualidad-y-generos","category-lifestyles","tag-claudia-sheimbaum-pardo","tag-congreso-de-la-ciudad-de-mexico","tag-uniforme-escolar-neutro"],"_links":{"self":[{"href":"https:\/\/www.acapulcopress.com\/index.php\/wp-json\/wp\/v2\/posts\/1254255","targetHints":{"allow":["GET"]}}],"collection":[{"href":"https:\/\/www.acapulcopress.com\/index.php\/wp-json\/wp\/v2\/posts"}],"about":[{"href":"https:\/\/www.acapulcopress.com\/index.php\/wp-json\/wp\/v2\/types\/post"}],"author":[{"embeddable":true,"href":"https:\/\/www.acapulcopress.com\/index.php\/wp-json\/wp\/v2\/users\/2"}],"replies":[{"embeddable":true,"href":"https:\/\/www.acapulcopress.com\/index.php\/wp-json\/wp\/v2\/comments?post=1254255"}],"version-history":[{"count":0,"href":"https:\/\/www.acapulcopress.com\/index.php\/wp-json\/wp\/v2\/posts\/1254255\/revisions"}],"wp:featuredmedia":[{"embeddable":true,"href":"https:\/\/www.acapulcopress.com\/index.php\/wp-json\/"}],"wp:attachment":[{"href":"https:\/\/www.acapulcopress.com\/index.php\/wp-json\/wp\/v2\/media?parent=1254255"}],"wp:term":[{"taxonomy":"category","embeddable":true,"href":"https:\/\/www.acapulcopress.com\/index.php\/wp-json\/wp\/v2\/categories?post=1254255"},{"taxonomy":"post_tag","embeddable":true,"href":"https:\/\/www.acapulcopress.com\/index.php\/wp-json\/wp\/v2\/tags?post=1254255"}],"curies":[{"name":"wp","href":"https:\/\/api.w.org\/{rel}","templated":true}]}}