{"id":1254270,"date":"2023-05-29T23:01:53","date_gmt":"2023-05-30T04:01:53","guid":{"rendered":"https:\/\/www.acapulcopress.com\/?p=1254270"},"modified":"2023-05-29T23:01:53","modified_gmt":"2023-05-30T04:01:53","slug":"gobernadora-evelyn-salgado-evalua-agenda-educativa-con-integrantes-de-su-gabinete","status":"publish","type":"post","link":"https:\/\/www.acapulcopress.com\/index.php\/2023\/05\/29\/gobernadora-evelyn-salgado-evalua-agenda-educativa-con-integrantes-de-su-gabinete\/","title":{"rendered":"Gobernadora Evelyn Salgado eval\u00faa agenda educativa con integrantes de su gabinete"},"content":{"rendered":"<p style=\"text-align: justify;\">CHILPANCINGO * 29 de mayo de 2023.<br \/>\n<em>) Gobierno de Guerrero<\/em><br \/>\nLa gobernadora <a href=\"https:\/\/www.facebook.com\/EvelynSalgadoP\" target=\"_blank\" rel=\"noopener\">Evelyn Salgado Pineda<\/a> sostuvo una reuni\u00f3n de trabajo con integrantes de <img loading=\"lazy\" decoding=\"async\" class=\"alignleft size-medium wp-image-1254273\" src=\"https:\/\/www.acapulcopress.com\/wp-content\/uploads\/2023\/05\/EVELYNSEG3-375x250.jpg\" alt=\"\" width=\"375\" height=\"250\" \/>su gabinete para evaluar y dar continuidad a los programas y acciones que benefician a las y los guerrerenses, adem\u00e1s de revisar los proyectos y las gestiones encaminadas a generar condiciones de bienestar a las zonas de mayor rezago y pobreza en la entidad.<\/p>\n<p style=\"text-align: justify;\">En la mesa de trabajo donde estuvo presente el secretario general de Gobierno, Ludwig Marcial Reynoso N\u00fa\u00f1ez y el Secretario de Educaci\u00f3n Guerrero, Marcial Rodr\u00edguez Salda\u00f1a, se abord\u00f3 la agenda educativa, as\u00ed como los proyectos de obras de infraestructura educativa, seguridad, infraestructura hidr\u00e1ulica, entre otros pendientes.<\/p>\n<p style=\"text-align: justify;\">Al analizar y trazar la ruta de acci\u00f3n y trabajos diarios para seguir transformando Guerrero, la gobernadora Evelyn Salgado Pineda desde Casa Guerrero instruy\u00f3 a las y los funcionarios a redoblar los esfuerzos para que la justicia social llegue hasta el \u00faltimo rinc\u00f3n\u00a0de\u00a0Guerrero.<\/p>\n<p><img loading=\"lazy\" decoding=\"async\" class=\"alignleft size-medium wp-image-1254271\" src=\"https:\/\/www.acapulcopress.com\/wp-content\/uploads\/2023\/05\/EVELYNSEG-375x250.jpg\" alt=\"\" width=\"375\" height=\"250\" \/><\/p>\n<p style=\"text-align: justify;\"><em>) S\u00edguenos en nuestra p\u00e1gina Facebook.com\/<a href=\"https:\/\/www.facebook.com\/acapulcopress.news\">acapulcopress.news<\/a><\/em><\/p>\n","protected":false},"excerpt":{"rendered":"<p>CHILPANCINGO * 29 de mayo de 2023. ) Gobierno de Guerrero La gobernadora Evelyn Salgado Pineda sostuvo una reuni\u00f3n de trabajo con integrantes de su gabinete para evaluar y dar continuidad a los programas y acciones que benefician a las y los guerrerenses, adem\u00e1s de revisar los proyectos y las gestiones encaminadas a generar condiciones&#8230;<\/p>\n","protected":false},"author":2,"featured_media":1254272,"comment_status":"closed","ping_status":"closed","sticky":false,"template":"","format":"standard","meta":{"footnotes":""},"categories":[1972,18561,2081],"tags":[8251,16362],"class_list":["post-1254270","post","type-post","status-publish","format-standard","has-post-thumbnail","hentry","category-special","category-society-politics","category-seg","tag-evelyn-salgado-pineda","tag-seg"],"_links":{"self":[{"href":"https:\/\/www.acapulcopress.com\/index.php\/wp-json\/wp\/v2\/posts\/1254270","targetHints":{"allow":["GET"]}}],"collection":[{"href":"https:\/\/www.acapulcopress.com\/index.php\/wp-json\/wp\/v2\/posts"}],"about":[{"href":"https:\/\/www.acapulcopress.com\/index.php\/wp-json\/wp\/v2\/types\/post"}],"author":[{"embeddable":true,"href":"https:\/\/www.acapulcopress.com\/index.php\/wp-json\/wp\/v2\/users\/2"}],"replies":[{"embeddable":true,"href":"https:\/\/www.acapulcopress.com\/index.php\/wp-json\/wp\/v2\/comments?post=1254270"}],"version-history":[{"count":0,"href":"https:\/\/www.acapulcopress.com\/index.php\/wp-json\/wp\/v2\/posts\/1254270\/revisions"}],"wp:featuredmedia":[{"embeddable":true,"href":"https:\/\/www.acapulcopress.com\/index.php\/wp-json\/"}],"wp:attachment":[{"href":"https:\/\/www.acapulcopress.com\/index.php\/wp-json\/wp\/v2\/media?parent=1254270"}],"wp:term":[{"taxonomy":"category","embeddable":true,"href":"https:\/\/www.acapulcopress.com\/index.php\/wp-json\/wp\/v2\/categories?post=1254270"},{"taxonomy":"post_tag","embeddable":true,"href":"https:\/\/www.acapulcopress.com\/index.php\/wp-json\/wp\/v2\/tags?post=1254270"}],"curies":[{"name":"wp","href":"https:\/\/api.w.org\/{rel}","templated":true}]}}