{"id":1254275,"date":"2023-05-30T17:35:51","date_gmt":"2023-05-30T22:35:51","guid":{"rendered":"https:\/\/www.acapulcopress.com\/?p=1254275"},"modified":"2023-05-30T17:35:51","modified_gmt":"2023-05-30T22:35:51","slug":"recibio-gobernadora-a-obispos-de-chilpancingo-y-altamirano","status":"publish","type":"post","link":"https:\/\/www.acapulcopress.com\/index.php\/2023\/05\/30\/recibio-gobernadora-a-obispos-de-chilpancingo-y-altamirano\/","title":{"rendered":"Recibi\u00f3 Gobernadora a obispos de Chilpancingo y Altamirano"},"content":{"rendered":"<p>CHILPANCINGO * 30 de mayo de 2023.<br \/>\n<em>) Gobierno de Guerrero<\/em><\/p>\n<p style=\"text-align: justify;\">En un ambiente de cordialidad y respeto y en un di\u00e1logo constructivo, bajo el objetivo com\u00fan de contribuir a la paz y bienestar del pueblo, la gobernadora <a href=\"https:\/\/www.facebook.com\/EvelynSalgadoP\" target=\"_blank\" rel=\"noopener\">Evelyn Salgado Pineda<\/a>\u00a0recibi\u00f3 en su oficina al arzobispo de Acapulco, Leopoldo Gonz\u00e1lez Gonz\u00e1lez; a los obispos de la di\u00f3cesis Chilpancingo-Chilapa, Jos\u00e9 de Jes\u00fas Gonz\u00e1lez Hern\u00e1ndez, y de Ciudad Altamirano, Joel Ocampo Gorostieta, as\u00ed como a vicarios de las diferentes di\u00f3cesis y arquidi\u00f3cesis.<\/p>\n<p><em>) S\u00edguenos en nuestra p\u00e1gina Facebook.com\/<a href=\"https:\/\/www.facebook.com\/acapulcopress.news\" target=\"_blank\" rel=\"noopener\">acapulcopress.news<\/a><\/em><\/p>\n","protected":false},"excerpt":{"rendered":"<p>CHILPANCINGO * 30 de mayo de 2023. ) Gobierno de Guerrero En un ambiente de cordialidad y respeto y en un di\u00e1logo constructivo, bajo el objetivo com\u00fan de contribuir a la paz y bienestar del pueblo, la gobernadora Evelyn Salgado Pineda\u00a0recibi\u00f3 en su oficina al arzobispo de Acapulco, Leopoldo Gonz\u00e1lez Gonz\u00e1lez; a los obispos de&#8230;<\/p>\n","protected":false},"author":2,"featured_media":1254276,"comment_status":"closed","ping_status":"closed","sticky":false,"template":"","format":"standard","meta":{"footnotes":""},"categories":[1983,18561],"tags":[8251,10826,11007,11770],"class_list":["post-1254275","post","type-post","status-publish","format-standard","has-post-thumbnail","hentry","category-guerrerogob","category-society-politics","tag-evelyn-salgado-pineda","tag-joel-ocampo-gorostieta","tag-jose-de-jesus-gonzalez-hernandez","tag-leopoldo-gonzalez-gonzalez"],"_links":{"self":[{"href":"https:\/\/www.acapulcopress.com\/index.php\/wp-json\/wp\/v2\/posts\/1254275","targetHints":{"allow":["GET"]}}],"collection":[{"href":"https:\/\/www.acapulcopress.com\/index.php\/wp-json\/wp\/v2\/posts"}],"about":[{"href":"https:\/\/www.acapulcopress.com\/index.php\/wp-json\/wp\/v2\/types\/post"}],"author":[{"embeddable":true,"href":"https:\/\/www.acapulcopress.com\/index.php\/wp-json\/wp\/v2\/users\/2"}],"replies":[{"embeddable":true,"href":"https:\/\/www.acapulcopress.com\/index.php\/wp-json\/wp\/v2\/comments?post=1254275"}],"version-history":[{"count":0,"href":"https:\/\/www.acapulcopress.com\/index.php\/wp-json\/wp\/v2\/posts\/1254275\/revisions"}],"wp:featuredmedia":[{"embeddable":true,"href":"https:\/\/www.acapulcopress.com\/index.php\/wp-json\/"}],"wp:attachment":[{"href":"https:\/\/www.acapulcopress.com\/index.php\/wp-json\/wp\/v2\/media?parent=1254275"}],"wp:term":[{"taxonomy":"category","embeddable":true,"href":"https:\/\/www.acapulcopress.com\/index.php\/wp-json\/wp\/v2\/categories?post=1254275"},{"taxonomy":"post_tag","embeddable":true,"href":"https:\/\/www.acapulcopress.com\/index.php\/wp-json\/wp\/v2\/tags?post=1254275"}],"curies":[{"name":"wp","href":"https:\/\/api.w.org\/{rel}","templated":true}]}}