{"id":1254284,"date":"2023-05-30T18:08:24","date_gmt":"2023-05-30T23:08:24","guid":{"rendered":"https:\/\/www.acapulcopress.com\/?p=1254284"},"modified":"2023-05-30T18:08:24","modified_gmt":"2023-05-30T23:08:24","slug":"zeferino-torreblanca-se-lava-la-cara-con-agua-sucia","status":"publish","type":"post","link":"https:\/\/www.acapulcopress.com\/index.php\/2023\/05\/30\/zeferino-torreblanca-se-lava-la-cara-con-agua-sucia\/","title":{"rendered":"Zeferino Torreblanca, se lava la cara con agua sucia"},"content":{"rendered":"<p style=\"text-align: justify;\">Marem\u00e1gnum<br \/>\n\u00bb <strong>RICARDO<\/strong> | <strong>CASTILLO BARRIENTOS<\/strong><br \/>\n<em>) Facebook: @<a href=\"https:\/\/www.facebook.com\/ricardocastill01\" target=\"_blank\" rel=\"noopener\">Ricardo Castillo Barrientos<\/a><\/em><\/p>\n<p>Mucha pol\u00e9mica caus\u00f3 la exposici\u00f3n del ex gobernador <a href=\"https:\/\/www.facebook.com\/ZeferinoTorreblancaG\" target=\"_blank\" rel=\"noopener\">Zeferino Torreblanca Galindo<\/a>, durante la reciente sesi\u00f3n semanal de la Asociaci\u00f3n Civil \u201cGrupo ACA\u201d, al lanzarse contra tirios y troyanos, sin dejar t\u00edtere con cabeza.<\/p>\n<p style=\"text-align: justify;\">Erigi\u00e9ndose como el gran juzgador, el ex mandatario estatal pas\u00f3 lista a cada uno de los que considera como enemigos pol\u00edticos y no como adversarios, como la gobernadora Evelyn Salgado Pineda, \u00c1ngel Aguirre Rivero, F\u00e9lix Salgado Macedonio, Javier Salda\u00f1a Almaz\u00e1n, Abelina L\u00f3pez Rodr\u00edguez, Adela Rom\u00e1n Ocampo, H\u00e9ctor Astudillo Flores, Manuel A\u00f1orve Ba\u00f1os, Ren\u00e9 Ju\u00e1rez Cisneros y Sof\u00edo Ram\u00edrez Hern\u00e1ndez, solo le falt\u00f3 desatar su furia contra Luis Walton Aburto, tal vez por su reciente fallecimiento.<\/p>\n<p style=\"text-align: justify;\">Fuera de todo protocolo y pas\u00e1ndose por el arco del triunfo los estatutos de la Asociaci\u00f3n Civil, con la connivencia de los directivos, Torreblanca Galindo en tono inquisidor lanz\u00f3 una retah\u00edla de ep\u00edtetos, descalificaciones, se\u00f1alamientos, denostaciones, calumnias, etc., contra las figuras pol\u00edticas que le causan desagrado y les guarda animadversi\u00f3n por diferentes motivos que solo \u00e9l conoce o que un psiquiatra podr\u00eda decifrar.<\/p>\n<p style=\"text-align: justify;\">Cur\u00e1ndose en salud dej\u00f3 a salvo su gesti\u00f3n gubernamental, a la que considera exitosa y la mejor de todos los tiempos, sin aceptar el juicio popular a que ha sido sometido este periodo de gobierno. Una obnubilaci\u00f3n injustificada para calificar a otros, sin someterse al mismo rigor inquisitorial.<\/p>\n<p style=\"text-align: justify;\">El ex gobernador tiene especial inquina al ex gobernador, \u00c1ngel Aguirre Rivero. La primera explicaci\u00f3n de esta extra\u00f1a actitud se debe a que Torreblanca es considerado como un pol\u00edtico tecn\u00f3crata, mientras que Aguirre se le considera como un pol\u00edtico completo, con carisma y simpat\u00eda popular, lo que carece Zeferino. Esa es la diferencia y problema de fondo.<\/p>\n<p style=\"text-align: justify;\">La animadversi\u00f3n de Z, tiene otra vertiente: su comparecencia ante el ex procurador general de justicia I\u00f1aky Blanco Cabrera, debido a los se\u00f1alamientos formulados por Martha Obeso viuda de Chavarr\u00eda y del ex senador David Jim\u00e9nez Rumbo, por su responsabilidad en el crimen de Armando Chavarr\u00eda Barrera, como autor intelectual.<\/p>\n<p style=\"text-align: justify;\">En las expresiones del gobernador Torreblanca se denota un odio visceral o irracional contra Aguirre Rivero, descalificando todas y cada una de sus acciones gubernamentales, hasta el apoyo de 50 millones de pesos que le consigui\u00f3 en la secretar\u00eda de Hacienda del gobierno federal, para la conclusi\u00f3n del Libramiento a Tixtla, que estaba a punto de quedar inconcluso ante la proximidad del t\u00e9rmino de su mandato y que gracias al apoyo que le dio el ex gobernador Aguirre Rivero, pudo concluirse exitosamente la obra cumbre del gobierno de Zeferino Torreblanca.<\/p>\n<p style=\"text-align: justify;\">De la misma manera tuvo continuidad el elefante blanco que representaba el denominado edificio inteligente, cuyo terreno fue adquirido por una empresa inmobiliaria fantasma, que vendi\u00f3 al triple de su precio al gobierno <em>zeferinista.<\/em> Como estas y otras anomal\u00edas, las pasa por alto el atribulado y fallido ex gobernador de Guerrero, memorable por su hist\u00f3rica frase: \u00a1Ni quiero, ni puedo!<\/p>\n<p style=\"text-align: justify;\"><strong>Marea Baja.-<\/strong> Desde estas l\u00edneas expresamos nuestras condolencias y solidaridad con el ex gobernador H\u00e9ctor Astudillo Flores y su se\u00f1ora esposa, Mercedes Calvo de Astudillo, por el fallecimiento de su querido hijo, H\u00e9ctor Javier Astudillo Calvo, el pasado 24 del actual, en el municipio San Miguel Allende, Guanajuato.<\/p>\n<p style=\"text-align: justify;\">El joven H\u00e9ctor Javier de 39 a\u00f1os, era abogado de profesi\u00f3n y se desempe\u00f1aba como Notario P\u00fablico en el municipio de Metepec, Estado de M\u00e9xico. El Ayuntamiento de San Miguel Allende, dio a conocer la versi\u00f3n oficial sobre este triste y tr\u00e1gico suceso.<\/p>\n<p style=\"text-align: justify;\"><strong>Marea Alta.-<\/strong> Los simpatizantes de dos \u201ccorcholatas\u201d presidenciales de Morena, Claudia Sheinbaum y Ad\u00e1n Augusto L\u00f3pez, siguen intensificando sus actividades proselitistas en Acapulco y la Costa Grande de la entidad.<\/p>\n<p style=\"text-align: justify;\">El coordinador nacional de la campa\u00f1a de Sheinbaum, Alfonso Ram\u00edrez Cuellar, ex dirigente de Morena en el pa\u00eds y el coordinador estatal, H\u00e9ctor Ulises Garc\u00eda Nieto, presidieron dos sendos eventos en Acapulco y Coyuca de Ben\u00edtez, el domingo pasado.<\/p>\n<p style=\"text-align: justify;\">La magistrada y ex alcaldesa, Adela Rom\u00e1n Ocampo, tuvo a su cargo la organizaci\u00f3n del evento porte\u00f1o, en la cancha de la CROM, con una numerosa asistencia de simpatizantes.<br \/>\nPor su parte, el coordinador estatal del Movimiento \u201cAhora Es Ad\u00e1n Augusto\u201d, Yoshio \u00c1vila Gonz\u00e1lez, realiz\u00f3 un recorrido por la Costa Grande, reuniendo a centenares de simpatizantes en Zihuatanejo, T\u00e9cpan y Coyuca de Ben\u00edtez.<\/p>\n<p style=\"text-align: justify;\">Los coordinadores en el estado de Marcelo Ebrard y Ricardo Monreal, disminuyeron sus actividades por causas de fuerza mayor.<\/p>\n<p style=\"text-align: justify;\"><strong>Maremoto.-<\/strong> \u00a1Consumatum est!. Javier Salda\u00f1a Almaz\u00e1n va por su tercer periodo como rector de la Universidad Aut\u00f3noma de Guerrero, despu\u00e9s de recibir una aplastante votaci\u00f3n de la comunidad guerrerense con la ayuda de directores y profesores, que se encargaron de convencer a los universitarios, a trav\u00e9s de m\u00e9todos no muy ortodoxos como las promesas de regalo de calificaciones, incremento de horas, otorgamiento de plazas, cambio de categor\u00edas, cargos en la Administraci\u00f3n Central, becas alimenticias, becas por desempe\u00f1os, becas escolares, etc.<\/p>\n<p>Salda\u00f1a Almaz\u00e1n tuvo como adversario a su propia sombra, no obstante desembols\u00f3 cuantiosos recursos de dudosa procedencia, aunque sus detractores aseguran que provienen de las arcas universitarias, o de la fortuna acumulada il\u00edcitamente durante los dos primeros periodos en la rector\u00eda.<\/p>\n<p style=\"text-align: justify;\">El tri-rector tiene como objetivo principal saltar de la UAGro, al puesto de gobernador del estado, por el partido que sea, ya que no tiene una clara definici\u00f3n partidista, pretendiendo desplazar a sus aliados temporales, senadores F\u00e9lix Salgado Macedonio y Manuel A\u00f1orve Ba\u00f1os, en la venidera elecci\u00f3n del 2027.<br \/>\n,<br \/>\n<em>) S\u00edguenos en nuestra p\u00e1gina Facebook.com\/<a href=\"https:\/\/www.facebook.com\/acapulcopress.news\" target=\"_blank\" rel=\"noopener\">acapulcopress.news<\/a><\/em><\/p>\n","protected":false},"excerpt":{"rendered":"<p>Marem\u00e1gnum \u00bb RICARDO | CASTILLO BARRIENTOS ) Facebook: @Ricardo Castillo Barrientos Mucha pol\u00e9mica caus\u00f3 la exposici\u00f3n del ex gobernador Zeferino Torreblanca Galindo, durante la reciente sesi\u00f3n semanal de la Asociaci\u00f3n Civil \u201cGrupo ACA\u201d, al lanzarse contra tirios y troyanos, sin dejar t\u00edtere con cabeza. Erigi\u00e9ndose como el gran juzgador, el ex mandatario estatal pas\u00f3 lista&#8230;<\/p>\n","protected":false},"author":2,"featured_media":1254285,"comment_status":"closed","ping_status":"closed","sticky":false,"template":"","format":"standard","meta":{"footnotes":""},"categories":[1972,2071,1991],"tags":[12503,15575,18304],"class_list":["post-1254284","post","type-post","status-publish","format-standard","has-post-thumbnail","hentry","category-special","category-opinion-analisis-columnas","category-libertad-de-expresion","tag-maremagnum","tag-ricardo-castillo-barrientos","tag-zeferino-torreblanca-galindo"],"_links":{"self":[{"href":"https:\/\/www.acapulcopress.com\/index.php\/wp-json\/wp\/v2\/posts\/1254284","targetHints":{"allow":["GET"]}}],"collection":[{"href":"https:\/\/www.acapulcopress.com\/index.php\/wp-json\/wp\/v2\/posts"}],"about":[{"href":"https:\/\/www.acapulcopress.com\/index.php\/wp-json\/wp\/v2\/types\/post"}],"author":[{"embeddable":true,"href":"https:\/\/www.acapulcopress.com\/index.php\/wp-json\/wp\/v2\/users\/2"}],"replies":[{"embeddable":true,"href":"https:\/\/www.acapulcopress.com\/index.php\/wp-json\/wp\/v2\/comments?post=1254284"}],"version-history":[{"count":0,"href":"https:\/\/www.acapulcopress.com\/index.php\/wp-json\/wp\/v2\/posts\/1254284\/revisions"}],"wp:featuredmedia":[{"embeddable":true,"href":"https:\/\/www.acapulcopress.com\/index.php\/wp-json\/"}],"wp:attachment":[{"href":"https:\/\/www.acapulcopress.com\/index.php\/wp-json\/wp\/v2\/media?parent=1254284"}],"wp:term":[{"taxonomy":"category","embeddable":true,"href":"https:\/\/www.acapulcopress.com\/index.php\/wp-json\/wp\/v2\/categories?post=1254284"},{"taxonomy":"post_tag","embeddable":true,"href":"https:\/\/www.acapulcopress.com\/index.php\/wp-json\/wp\/v2\/tags?post=1254284"}],"curies":[{"name":"wp","href":"https:\/\/api.w.org\/{rel}","templated":true}]}}