{"id":1254287,"date":"2023-05-30T18:24:17","date_gmt":"2023-05-30T23:24:17","guid":{"rendered":"https:\/\/www.acapulcopress.com\/?p=1254287"},"modified":"2023-05-30T18:24:17","modified_gmt":"2023-05-30T23:24:17","slug":"reitera-gobernadora-a-alcaldes-exhorto-a-coadyuvar-con-tareas-de-prevencion-de-delitos","status":"publish","type":"post","link":"https:\/\/www.acapulcopress.com\/index.php\/2023\/05\/30\/reitera-gobernadora-a-alcaldes-exhorto-a-coadyuvar-con-tareas-de-prevencion-de-delitos\/","title":{"rendered":"Reitera Gobernadora a alcaldes exhorto a coadyuvar con tareas de prevenci\u00f3n de delitos"},"content":{"rendered":"<p>CHILPANCINGO * 30 de mayo de 2023.<br \/>\n<em>) Gobierno de Guerrero<\/em><\/p>\n<p style=\"text-align: justify;\"><img loading=\"lazy\" decoding=\"async\" class=\"alignleft size-medium wp-image-1254278\" src=\"https:\/\/www.acapulcopress.com\/wp-content\/uploads\/2023\/05\/EVELYN.SEGURIDAD2-1-375x250.jpg\" alt=\"\" width=\"375\" height=\"250\" \/>La gobernadora <a href=\"https:\/\/www.facebook.com\/EvelynSalgadoP\" target=\"_blank\" rel=\"noopener\">Evelyn Salgado Pineda<\/a> encabez\u00f3 este martes la sesi\u00f3n de la Mesa de Coordinaci\u00f3n para la Construcci\u00f3n de la Paz en Chilpancingo, donde junto a autoridades de los tres \u00f3rdenes de gobierno detallaron los avances de la estrategia de seguridad en la entidad. La mandataria estatal reiter\u00f3 el llamado a los ediles de todos los municipios de Guerrero para coadyuvar en las tareas de prevenci\u00f3n, que abonan a la disminuci\u00f3n del delito en las diversas regiones del estado.<\/p>\n<p><em>) S\u00edguenos en nuestra p\u00e1gina Facebook.com\/<a href=\"https:\/\/www.facebook.com\/acapulcopress.news\" target=\"_blank\" rel=\"noopener\">acapulcopress.news<\/a><\/em><\/p>\n","protected":false},"excerpt":{"rendered":"<p>CHILPANCINGO * 30 de mayo de 2023. ) Gobierno de Guerrero La gobernadora Evelyn Salgado Pineda encabez\u00f3 este martes la sesi\u00f3n de la Mesa de Coordinaci\u00f3n para la Construcci\u00f3n de la Paz en Chilpancingo, donde junto a autoridades de los tres \u00f3rdenes de gobierno detallaron los avances de la estrategia de seguridad en la entidad&#8230;.<\/p>\n","protected":false},"author":2,"featured_media":1254277,"comment_status":"closed","ping_status":"closed","sticky":false,"template":"","format":"standard","meta":{"footnotes":""},"categories":[1969,2005],"tags":[8251,12964,64],"class_list":["post-1254287","post","type-post","status-publish","format-standard","has-post-thumbnail","hentry","category-trending","category-seguridad-y-justicia","tag-evelyn-salgado-pineda","tag-mesa-de-coordinacion-para-la-construccion-de-la-paz","tag-panfilo-sanchez-almazan"],"_links":{"self":[{"href":"https:\/\/www.acapulcopress.com\/index.php\/wp-json\/wp\/v2\/posts\/1254287","targetHints":{"allow":["GET"]}}],"collection":[{"href":"https:\/\/www.acapulcopress.com\/index.php\/wp-json\/wp\/v2\/posts"}],"about":[{"href":"https:\/\/www.acapulcopress.com\/index.php\/wp-json\/wp\/v2\/types\/post"}],"author":[{"embeddable":true,"href":"https:\/\/www.acapulcopress.com\/index.php\/wp-json\/wp\/v2\/users\/2"}],"replies":[{"embeddable":true,"href":"https:\/\/www.acapulcopress.com\/index.php\/wp-json\/wp\/v2\/comments?post=1254287"}],"version-history":[{"count":0,"href":"https:\/\/www.acapulcopress.com\/index.php\/wp-json\/wp\/v2\/posts\/1254287\/revisions"}],"wp:featuredmedia":[{"embeddable":true,"href":"https:\/\/www.acapulcopress.com\/index.php\/wp-json\/"}],"wp:attachment":[{"href":"https:\/\/www.acapulcopress.com\/index.php\/wp-json\/wp\/v2\/media?parent=1254287"}],"wp:term":[{"taxonomy":"category","embeddable":true,"href":"https:\/\/www.acapulcopress.com\/index.php\/wp-json\/wp\/v2\/categories?post=1254287"},{"taxonomy":"post_tag","embeddable":true,"href":"https:\/\/www.acapulcopress.com\/index.php\/wp-json\/wp\/v2\/tags?post=1254287"}],"curies":[{"name":"wp","href":"https:\/\/api.w.org\/{rel}","templated":true}]}}